{"id":15829,"date":"2022-02-08T13:17:11","date_gmt":"2022-02-08T13:17:11","guid":{"rendered":"https:\/\/www.elpolitologoyelpolitico.com.ar\/wordpress\/?p=15829"},"modified":"2022-02-08T13:18:59","modified_gmt":"2022-02-08T13:18:59","slug":"empezo-a-bajar-un-poco-los-numeros-sin-embargo-seguimos-con-mucha-atencion-lo-que-esta-pasando","status":"publish","type":"post","link":"https:\/\/www.elpolitologoyelpolitico.com.ar\/wordpress\/2022\/02\/08\/empezo-a-bajar-un-poco-los-numeros-sin-embargo-seguimos-con-mucha-atencion-lo-que-esta-pasando\/","title":{"rendered":"\u201cEmpez\u00f3 a bajar un poco los n\u00fameros, sin embargo seguimos con mucha atenci\u00f3n lo que est\u00e1 pasando\u201d"},"content":{"rendered":"\t\t<div data-elementor-type=\"wp-post\" data-elementor-id=\"15829\" class=\"elementor elementor-15829\">\n\t\t\t\t\t\t<section class=\"elementor-section elementor-top-section elementor-element elementor-element-5aa971c0 elementor-section-boxed elementor-section-height-default elementor-section-height-default\" data-id=\"5aa971c0\" data-element_type=\"section\" data-e-type=\"section\">\n\t\t\t\t\t\t<div class=\"elementor-container elementor-column-gap-default\">\n\t\t\t\t\t<div class=\"elementor-column elementor-col-100 elementor-top-column elementor-element elementor-element-46ce886f\" data-id=\"46ce886f\" data-element_type=\"column\" data-e-type=\"column\">\n\t\t\t<div class=\"elementor-widget-wrap elementor-element-populated\">\n\t\t\t\t\t\t<div class=\"elementor-element elementor-element-23c01416 elementor-widget elementor-widget-text-editor\" data-id=\"23c01416\" data-element_type=\"widget\" data-e-type=\"widget\" data-widget_type=\"text-editor.default\">\n\t\t\t\t<div class=\"elementor-widget-container\">\n\t\t\t\t\t\t\t\t\t\n<p>El Secretario de salud, Marco Tripodi coment\u00f3 la situaci\u00f3n que est\u00e1 viviendo el&nbsp; Partido de Patagones con la pandemia Covid-19.<\/p>\n\n\n\n<p>\u201cEmpez\u00f3 a bajar un poco los n\u00fameros, sin embargo seguimos con mucha atenci\u00f3n los que est\u00e1 pasando\u201d se\u00f1alo Tripodi<\/p>\n\n\n\n<p>Asimismo se refiri\u00f3 al avance de la vacunaci\u00f3n como uno de los factores que favoreci\u00f3 al descenso de los internados.<\/p>\n\n\n\n<p>Por otra parte, di\u00f3 a conocer la situaci\u00f3n del Partido Radical: \u201cVamos a seguir trabajando con el interior y fortaleciendo todas las estrategias partidarias que tenemos\u201d.<\/p>\n\t\t\t\t\t\t\t\t<\/div>\n\t\t\t\t<\/div>\n\t\t\t\t\t<\/div>\n\t\t<\/div>\n\t\t\t\t\t<\/div>\n\t\t<\/section>\n\t\t\t\t<\/div>\n\t\t<div class=\"fb-background-color\">\n\t\t\t  <div \n\t\t\t  \tclass = \"fb-comments\" \n\t\t\t  \tdata-href = \"https:\/\/www.elpolitologoyelpolitico.com.ar\/wordpress\/2022\/02\/08\/empezo-a-bajar-un-poco-los-numeros-sin-embargo-seguimos-con-mucha-atencion-lo-que-esta-pasando\/\"\n\t\t\t  \tdata-numposts = \"10\"\n\t\t\t  \tdata-lazy = \"true\"\n\t\t\t\tdata-colorscheme = \"light\"\n\t\t\t\tdata-order-by = \"social\"\n\t\t\t\tdata-mobile=true>\n\t\t\t  <\/div><\/div>\n\t\t  <style>\n\t\t    .fb-background-color {\n\t\t\t\tbackground: #ffffff !important;\n\t\t\t}\n\t\t\t.fb_iframe_widget_fluid_desktop iframe {\n\t\t\t    width: 100% !important;\n\t\t\t}\n\t\t  <\/style>\n\t\t  ","protected":false},"excerpt":{"rendered":"<p>El Secretario de salud, Marco Tripodi coment\u00f3 la situaci\u00f3n que est\u00e1 viviendo el&nbsp; Partido de Patagones con la pandemia Covid-19. \u201cEmpez\u00f3 a bajar un poco los n\u00fameros, sin embargo seguimos con mucha atenci\u00f3n los que est\u00e1 pasando\u201d se\u00f1alo Tripodi Asimismo se refiri\u00f3 al avance de la vacunaci\u00f3n como uno de los factores que favoreci\u00f3 al [&hellip;]<\/p>\n","protected":false},"author":4,"featured_media":15830,"comment_status":"closed","ping_status":"closed","sticky":false,"template":"","format":"standard","meta":{"_joinchat":[],"footnotes":""},"categories":[39],"tags":[],"class_list":["post-15829","post","type-post","status-publish","format-standard","has-post-thumbnail","hentry","category-en-esta-seccion"],"_links":{"self":[{"href":"https:\/\/www.elpolitologoyelpolitico.com.ar\/wordpress\/wp-json\/wp\/v2\/posts\/15829","targetHints":{"allow":["GET"]}}],"collection":[{"href":"https:\/\/www.elpolitologoyelpolitico.com.ar\/wordpress\/wp-json\/wp\/v2\/posts"}],"about":[{"href":"https:\/\/www.elpolitologoyelpolitico.com.ar\/wordpress\/wp-json\/wp\/v2\/types\/post"}],"author":[{"embeddable":true,"href":"https:\/\/www.elpolitologoyelpolitico.com.ar\/wordpress\/wp-json\/wp\/v2\/users\/4"}],"replies":[{"embeddable":true,"href":"https:\/\/www.elpolitologoyelpolitico.com.ar\/wordpress\/wp-json\/wp\/v2\/comments?post=15829"}],"version-history":[{"count":0,"href":"https:\/\/www.elpolitologoyelpolitico.com.ar\/wordpress\/wp-json\/wp\/v2\/posts\/15829\/revisions"}],"wp:featuredmedia":[{"embeddable":true,"href":"https:\/\/www.elpolitologoyelpolitico.com.ar\/wordpress\/wp-json\/wp\/v2\/media\/15830"}],"wp:attachment":[{"href":"https:\/\/www.elpolitologoyelpolitico.com.ar\/wordpress\/wp-json\/wp\/v2\/media?parent=15829"}],"wp:term":[{"taxonomy":"category","embeddable":true,"href":"https:\/\/www.elpolitologoyelpolitico.com.ar\/wordpress\/wp-json\/wp\/v2\/categories?post=15829"},{"taxonomy":"post_tag","embeddable":true,"href":"https:\/\/www.elpolitologoyelpolitico.com.ar\/wordpress\/wp-json\/wp\/v2\/tags?post=15829"}],"curies":[{"name":"wp","href":"https:\/\/api.w.org\/{rel}","templated":true}]}}