{"id":15815,"date":"2022-02-08T03:10:08","date_gmt":"2022-02-08T03:10:08","guid":{"rendered":"https:\/\/www.elpolitologoyelpolitico.com.ar\/wordpress\/?p=15815"},"modified":"2022-02-08T03:10:52","modified_gmt":"2022-02-08T03:10:52","slug":"el-radicalismo-tiene-una-gran-fuerza-territorial-y-podemos-llegar-en-algun-momento-a-encabezar-juntos-por-el-cambio","status":"publish","type":"post","link":"https:\/\/www.elpolitologoyelpolitico.com.ar\/wordpress\/2022\/02\/08\/el-radicalismo-tiene-una-gran-fuerza-territorial-y-podemos-llegar-en-algun-momento-a-encabezar-juntos-por-el-cambio\/","title":{"rendered":"\u201cEl radicalismo tiene una gran fuerza territorial y  podemos llegar en alg\u00fan momento a encabezar Juntos por el Cambio\u201d"},"content":{"rendered":"\t\t<div data-elementor-type=\"wp-post\" data-elementor-id=\"15815\" class=\"elementor elementor-15815\">\n\t\t\t\t\t\t<section class=\"elementor-section elementor-top-section elementor-element elementor-element-21c15af8 elementor-section-boxed elementor-section-height-default elementor-section-height-default\" data-id=\"21c15af8\" data-element_type=\"section\" data-e-type=\"section\">\n\t\t\t\t\t\t<div class=\"elementor-container elementor-column-gap-default\">\n\t\t\t\t\t<div class=\"elementor-column elementor-col-100 elementor-top-column elementor-element elementor-element-152886b8\" data-id=\"152886b8\" data-element_type=\"column\" data-e-type=\"column\">\n\t\t\t<div class=\"elementor-widget-wrap elementor-element-populated\">\n\t\t\t\t\t\t<div class=\"elementor-element elementor-element-c2ee3c elementor-widget elementor-widget-text-editor\" data-id=\"c2ee3c\" data-element_type=\"widget\" data-e-type=\"widget\" data-widget_type=\"text-editor.default\">\n\t\t\t\t<div class=\"elementor-widget-container\">\n\t\t\t\t\t\t\t\t\t\n<p>El vicepresidente del Partido radical en Rio Negro, Walter Carrasco coment\u00f3 lo tratado durante la reuni\u00f3n en Villa Regina para organizar la agenda pol\u00edtica y partidaria.<\/p>\n\n\n\n<p>\u201cLa mirada est\u00e1 puesta en el 2023, todo indica que las elecciones ser\u00e1n en el primer semestre del a\u00f1o\u201d se\u00f1al\u00f3 el vicepresidente de la UCR.<\/p>\n\n\n\n<p>En la reuni\u00f3n se hicieron presentes todas las fuerza que integran Juntos&nbsp; el PRO ,el ARI, la UCR y contaron con el acompa\u00f1amiento de Valores para mi Pa\u00eds.&nbsp;<\/p>\n\n\n\n<p>\u201cCreo que en lo que todos coincidimos fue en la cohesi\u00f3n de unir fuerzas, sabiendo que es la \u00fanica alternativa de poder llegar al electorado\u201d.<\/p>\n\n\n\n<p>Asimismo reflexion\u00f3 \u201cTenemos expectativas altas y buenas, somos muy optimistas entendemos que&nbsp; Rio Negro se est\u00e1 dividiendo en dos sectores y hay un lectorado que est\u00e1 viendo las diferencias\u201d.<\/p>\n\n\n\n<p>Por ultimo destac\u00f3 \u201cEl radicalismo tiene una gran fuerza territorial, donde est\u00e1n apareciendo nuevos cuadros pol\u00edticos y claramente podemos llegar en alg\u00fan momento a encabezar JxC\u201d<\/p>\n\t\t\t\t\t\t\t\t<\/div>\n\t\t\t\t<\/div>\n\t\t\t\t\t<\/div>\n\t\t<\/div>\n\t\t\t\t\t<\/div>\n\t\t<\/section>\n\t\t\t\t<\/div>\n\t\t<div class=\"fb-background-color\">\n\t\t\t  <div \n\t\t\t  \tclass = \"fb-comments\" \n\t\t\t  \tdata-href = \"https:\/\/www.elpolitologoyelpolitico.com.ar\/wordpress\/2022\/02\/08\/el-radicalismo-tiene-una-gran-fuerza-territorial-y-podemos-llegar-en-algun-momento-a-encabezar-juntos-por-el-cambio\/\"\n\t\t\t  \tdata-numposts = \"10\"\n\t\t\t  \tdata-lazy = \"true\"\n\t\t\t\tdata-colorscheme = \"light\"\n\t\t\t\tdata-order-by = \"social\"\n\t\t\t\tdata-mobile=true>\n\t\t\t  <\/div><\/div>\n\t\t  <style>\n\t\t    .fb-background-color {\n\t\t\t\tbackground: #ffffff !important;\n\t\t\t}\n\t\t\t.fb_iframe_widget_fluid_desktop iframe {\n\t\t\t    width: 100% !important;\n\t\t\t}\n\t\t  <\/style>\n\t\t  ","protected":false},"excerpt":{"rendered":"<p>El vicepresidente del Partido radical en Rio Negro, Walter Carrasco coment\u00f3 lo tratado durante la reuni\u00f3n en Villa Regina para organizar la agenda pol\u00edtica y partidaria. \u201cLa mirada est\u00e1 puesta en el 2023, todo indica que las elecciones ser\u00e1n en el primer semestre del a\u00f1o\u201d se\u00f1al\u00f3 el vicepresidente de la UCR. En la reuni\u00f3n se [&hellip;]<\/p>\n","protected":false},"author":4,"featured_media":15816,"comment_status":"closed","ping_status":"closed","sticky":false,"template":"","format":"standard","meta":{"_joinchat":[],"footnotes":""},"categories":[5],"tags":[],"class_list":["post-15815","post","type-post","status-publish","format-standard","has-post-thumbnail","hentry","category-partidos-politicos"],"_links":{"self":[{"href":"https:\/\/www.elpolitologoyelpolitico.com.ar\/wordpress\/wp-json\/wp\/v2\/posts\/15815","targetHints":{"allow":["GET"]}}],"collection":[{"href":"https:\/\/www.elpolitologoyelpolitico.com.ar\/wordpress\/wp-json\/wp\/v2\/posts"}],"about":[{"href":"https:\/\/www.elpolitologoyelpolitico.com.ar\/wordpress\/wp-json\/wp\/v2\/types\/post"}],"author":[{"embeddable":true,"href":"https:\/\/www.elpolitologoyelpolitico.com.ar\/wordpress\/wp-json\/wp\/v2\/users\/4"}],"replies":[{"embeddable":true,"href":"https:\/\/www.elpolitologoyelpolitico.com.ar\/wordpress\/wp-json\/wp\/v2\/comments?post=15815"}],"version-history":[{"count":0,"href":"https:\/\/www.elpolitologoyelpolitico.com.ar\/wordpress\/wp-json\/wp\/v2\/posts\/15815\/revisions"}],"wp:featuredmedia":[{"embeddable":true,"href":"https:\/\/www.elpolitologoyelpolitico.com.ar\/wordpress\/wp-json\/wp\/v2\/media\/15816"}],"wp:attachment":[{"href":"https:\/\/www.elpolitologoyelpolitico.com.ar\/wordpress\/wp-json\/wp\/v2\/media?parent=15815"}],"wp:term":[{"taxonomy":"category","embeddable":true,"href":"https:\/\/www.elpolitologoyelpolitico.com.ar\/wordpress\/wp-json\/wp\/v2\/categories?post=15815"},{"taxonomy":"post_tag","embeddable":true,"href":"https:\/\/www.elpolitologoyelpolitico.com.ar\/wordpress\/wp-json\/wp\/v2\/tags?post=15815"}],"curies":[{"name":"wp","href":"https:\/\/api.w.org\/{rel}","templated":true}]}}