{"id":15777,"date":"2022-02-07T22:17:24","date_gmt":"2022-02-07T22:17:24","guid":{"rendered":"https:\/\/www.elpolitologoyelpolitico.com.ar\/wordpress\/?p=15777"},"modified":"2022-02-07T22:18:43","modified_gmt":"2022-02-07T22:18:43","slug":"acuerdo-de-cooperacion-para-que-invap-construya-un-reactor-en-china","status":"publish","type":"post","link":"https:\/\/www.elpolitologoyelpolitico.com.ar\/wordpress\/2022\/02\/07\/acuerdo-de-cooperacion-para-que-invap-construya-un-reactor-en-china\/","title":{"rendered":"Acuerdo de cooperaci\u00f3n para que INVAP construya un reactor en China"},"content":{"rendered":"\t\t<div data-elementor-type=\"wp-post\" data-elementor-id=\"15777\" class=\"elementor elementor-15777\">\n\t\t\t\t\t\t<section class=\"elementor-section elementor-top-section elementor-element elementor-element-7f40081d elementor-section-boxed elementor-section-height-default elementor-section-height-default\" data-id=\"7f40081d\" data-element_type=\"section\" data-e-type=\"section\">\n\t\t\t\t\t\t<div class=\"elementor-container elementor-column-gap-default\">\n\t\t\t\t\t<div class=\"elementor-column elementor-col-100 elementor-top-column elementor-element elementor-element-40b813f\" data-id=\"40b813f\" data-element_type=\"column\" data-e-type=\"column\">\n\t\t\t<div class=\"elementor-widget-wrap elementor-element-populated\">\n\t\t\t\t\t\t<div class=\"elementor-element elementor-element-7b0bd15 elementor-widget elementor-widget-text-editor\" data-id=\"7b0bd15\" data-element_type=\"widget\" data-e-type=\"widget\" data-widget_type=\"text-editor.default\">\n\t\t\t\t<div class=\"elementor-widget-container\">\n\t\t\t\t\t\t\t\t\t\n<p>En el marco de su visita a China, la Gobernadora, Arabela Carreras, mantuvo un encuentro con autoridades de la empresa Jiangxi Nuclear Power de ese pa\u00eds y avanz\u00f3 en la firma de un acuerdo de cooperaci\u00f3n para que INVAP construya un reactor de radiois\u00f3topos medicinales en la ciudad de Jiujiang.<\/p>\n\n\n\n<p>La Mandataria se reuni\u00f3 con el presidente de Jiangxi Nuclear Power, Yuan Yi y el gerente y director del Departamento de Desarrollo de la empresa, Fu Xun y Xu Liang, respectivamente.<\/p>\n\n\n\n<p>\u00abVinimos a este viaje interesados en captar el inter\u00e9s de nuevos inversores y le dimos un nuevo impulso al acuerdo para que nuestra empresa INVAP pueda construir un reactor de uso medicinal en China. Hablamos de una inversi\u00f3n total de 450.000.000 de d\u00f3lares\u201d, explic\u00f3 la Gobernadora.<\/p>\n\n\n\n<p>La rionegrina INVAP ya firm\u00f3 un acuerdo de confidencialidad con Jiangxi Nuclear Power y se est\u00e1 esperando la aprobaci\u00f3n del contrato final para niciar el proyecto.<\/p>\n\t\t\t\t\t\t\t\t<\/div>\n\t\t\t\t<\/div>\n\t\t\t\t\t<\/div>\n\t\t<\/div>\n\t\t\t\t\t<\/div>\n\t\t<\/section>\n\t\t\t\t<\/div>\n\t\t<div class=\"fb-background-color\">\n\t\t\t  <div \n\t\t\t  \tclass = \"fb-comments\" \n\t\t\t  \tdata-href = \"https:\/\/www.elpolitologoyelpolitico.com.ar\/wordpress\/2022\/02\/07\/acuerdo-de-cooperacion-para-que-invap-construya-un-reactor-en-china\/\"\n\t\t\t  \tdata-numposts = \"10\"\n\t\t\t  \tdata-lazy = \"true\"\n\t\t\t\tdata-colorscheme = \"light\"\n\t\t\t\tdata-order-by = \"social\"\n\t\t\t\tdata-mobile=true>\n\t\t\t  <\/div><\/div>\n\t\t  <style>\n\t\t    .fb-background-color {\n\t\t\t\tbackground: #ffffff !important;\n\t\t\t}\n\t\t\t.fb_iframe_widget_fluid_desktop iframe {\n\t\t\t    width: 100% !important;\n\t\t\t}\n\t\t  <\/style>\n\t\t  ","protected":false},"excerpt":{"rendered":"<p>En el marco de su visita a China, la Gobernadora, Arabela Carreras, mantuvo un encuentro con autoridades de la empresa Jiangxi Nuclear Power de ese pa\u00eds y avanz\u00f3 en la firma de un acuerdo de cooperaci\u00f3n para que INVAP construya un reactor de radiois\u00f3topos medicinales en la ciudad de Jiujiang. La Mandataria se reuni\u00f3 con [&hellip;]<\/p>\n","protected":false},"author":4,"featured_media":15778,"comment_status":"closed","ping_status":"closed","sticky":false,"template":"","format":"standard","meta":{"_joinchat":[],"footnotes":""},"categories":[39],"tags":[],"class_list":["post-15777","post","type-post","status-publish","format-standard","has-post-thumbnail","hentry","category-en-esta-seccion"],"_links":{"self":[{"href":"https:\/\/www.elpolitologoyelpolitico.com.ar\/wordpress\/wp-json\/wp\/v2\/posts\/15777","targetHints":{"allow":["GET"]}}],"collection":[{"href":"https:\/\/www.elpolitologoyelpolitico.com.ar\/wordpress\/wp-json\/wp\/v2\/posts"}],"about":[{"href":"https:\/\/www.elpolitologoyelpolitico.com.ar\/wordpress\/wp-json\/wp\/v2\/types\/post"}],"author":[{"embeddable":true,"href":"https:\/\/www.elpolitologoyelpolitico.com.ar\/wordpress\/wp-json\/wp\/v2\/users\/4"}],"replies":[{"embeddable":true,"href":"https:\/\/www.elpolitologoyelpolitico.com.ar\/wordpress\/wp-json\/wp\/v2\/comments?post=15777"}],"version-history":[{"count":0,"href":"https:\/\/www.elpolitologoyelpolitico.com.ar\/wordpress\/wp-json\/wp\/v2\/posts\/15777\/revisions"}],"wp:featuredmedia":[{"embeddable":true,"href":"https:\/\/www.elpolitologoyelpolitico.com.ar\/wordpress\/wp-json\/wp\/v2\/media\/15778"}],"wp:attachment":[{"href":"https:\/\/www.elpolitologoyelpolitico.com.ar\/wordpress\/wp-json\/wp\/v2\/media?parent=15777"}],"wp:term":[{"taxonomy":"category","embeddable":true,"href":"https:\/\/www.elpolitologoyelpolitico.com.ar\/wordpress\/wp-json\/wp\/v2\/categories?post=15777"},{"taxonomy":"post_tag","embeddable":true,"href":"https:\/\/www.elpolitologoyelpolitico.com.ar\/wordpress\/wp-json\/wp\/v2\/tags?post=15777"}],"curies":[{"name":"wp","href":"https:\/\/api.w.org\/{rel}","templated":true}]}}