{"id":15770,"date":"2022-02-07T21:40:24","date_gmt":"2022-02-07T21:40:24","guid":{"rendered":"https:\/\/www.elpolitologoyelpolitico.com.ar\/wordpress\/?p=15770"},"modified":"2022-02-07T21:41:42","modified_gmt":"2022-02-07T21:41:42","slug":"partido-de-futbol-a-beneficio-con-pilotos-del-turismo-carretera","status":"publish","type":"post","link":"https:\/\/www.elpolitologoyelpolitico.com.ar\/wordpress\/2022\/02\/07\/partido-de-futbol-a-beneficio-con-pilotos-del-turismo-carretera\/","title":{"rendered":"Partido de F\u00fatbol a beneficio con pilotos del Turismo Carretera"},"content":{"rendered":"\t\t<div data-elementor-type=\"wp-post\" data-elementor-id=\"15770\" class=\"elementor elementor-15770\">\n\t\t\t\t\t\t<section class=\"elementor-section elementor-top-section elementor-element elementor-element-73d91e7c elementor-section-boxed elementor-section-height-default elementor-section-height-default\" data-id=\"73d91e7c\" data-element_type=\"section\" data-e-type=\"section\">\n\t\t\t\t\t\t<div class=\"elementor-container elementor-column-gap-default\">\n\t\t\t\t\t<div class=\"elementor-column elementor-col-100 elementor-top-column elementor-element elementor-element-1660d9d5\" data-id=\"1660d9d5\" data-element_type=\"column\" data-e-type=\"column\">\n\t\t\t<div class=\"elementor-widget-wrap elementor-element-populated\">\n\t\t\t\t\t\t<div class=\"elementor-element elementor-element-46249fdf elementor-widget elementor-widget-text-editor\" data-id=\"46249fdf\" data-element_type=\"widget\" data-e-type=\"widget\" data-widget_type=\"text-editor.default\">\n\t\t\t\t<div class=\"elementor-widget-container\">\n\t\t\t\t\t\t\t\t\t\n<p>Son varias las actividades de verano que se viene llevando a cabo en la Provincia de R\u00edo negro.<\/p>\n\n\n\n<p>Desde el Ministerio de Turismo y deporte vienen promoviendo distintas actividades deportivas y recreativas.&nbsp;<\/p>\n\n\n\n<p>Durante los d\u00edas 11, 12 y 13 de febrero se corre el Turismo Carretera y por primera vez las mujeres disputar\u00e1n la Copa Gobierno de R\u00edo Negro en la rama femenina de la categor\u00eda BORA.<\/p>\n\n\n\n<p>El viernes 11 de febrero a las 18hs en la cancha del Deportivo Patagones se disputar\u00e1 un partido de futbol a beneficio con pilotos del Turismo Carretera.&nbsp;<\/p>\n\n\n\n<p>Aquellas personas que quieran ingresar al estadio lo pueden hacer llevando un elemento no perecedero.&nbsp;<\/p>\n\n\n\n<p>Habr\u00e1 autos para exhibir, se podr\u00e1n sacar fotos con los pilotos y se van a sortear entradas para ver la carrera.\u00a0<\/p>\n\n\n\n<figure class=\"wp-block-image size-large\"><img fetchpriority=\"high\" decoding=\"async\" width=\"1024\" height=\"1006\" src=\"https:\/\/www.elpolitologoyelpolitico.com.ar\/wp-content\/uploads\/2022\/02\/IMG-20220207-WA0064-1024x1006.jpg\" alt=\"\" class=\"wp-image-15772\" srcset=\"https:\/\/www.elpolitologoyelpolitico.com.ar\/wp-content\/uploads\/2022\/02\/IMG-20220207-WA0064-1024x1006.jpg 1024w, https:\/\/www.elpolitologoyelpolitico.com.ar\/wp-content\/uploads\/2022\/02\/IMG-20220207-WA0064-300x295.jpg 300w, https:\/\/www.elpolitologoyelpolitico.com.ar\/wp-content\/uploads\/2022\/02\/IMG-20220207-WA0064-768x754.jpg 768w, https:\/\/www.elpolitologoyelpolitico.com.ar\/wp-content\/uploads\/2022\/02\/IMG-20220207-WA0064.jpg 1280w\" sizes=\"(max-width: 1024px) 100vw, 1024px\" \/><\/figure>\n\t\t\t\t\t\t\t\t<\/div>\n\t\t\t\t<\/div>\n\t\t\t\t\t<\/div>\n\t\t<\/div>\n\t\t\t\t\t<\/div>\n\t\t<\/section>\n\t\t\t\t<\/div>\n\t\t<div class=\"fb-background-color\">\n\t\t\t  <div \n\t\t\t  \tclass = \"fb-comments\" \n\t\t\t  \tdata-href = \"https:\/\/www.elpolitologoyelpolitico.com.ar\/wordpress\/2022\/02\/07\/partido-de-futbol-a-beneficio-con-pilotos-del-turismo-carretera\/\"\n\t\t\t  \tdata-numposts = \"10\"\n\t\t\t  \tdata-lazy = \"true\"\n\t\t\t\tdata-colorscheme = \"light\"\n\t\t\t\tdata-order-by = \"social\"\n\t\t\t\tdata-mobile=true>\n\t\t\t  <\/div><\/div>\n\t\t  <style>\n\t\t    .fb-background-color {\n\t\t\t\tbackground: #ffffff !important;\n\t\t\t}\n\t\t\t.fb_iframe_widget_fluid_desktop iframe {\n\t\t\t    width: 100% !important;\n\t\t\t}\n\t\t  <\/style>\n\t\t  ","protected":false},"excerpt":{"rendered":"<p>Son varias las actividades de verano que se viene llevando a cabo en la Provincia de R\u00edo negro. Desde el Ministerio de Turismo y deporte vienen promoviendo distintas actividades deportivas y recreativas.&nbsp; Durante los d\u00edas 11, 12 y 13 de febrero se corre el Turismo Carretera y por primera vez las mujeres disputar\u00e1n la Copa [&hellip;]<\/p>\n","protected":false},"author":4,"featured_media":15771,"comment_status":"closed","ping_status":"closed","sticky":false,"template":"","format":"standard","meta":{"_joinchat":[],"footnotes":""},"categories":[39],"tags":[],"class_list":["post-15770","post","type-post","status-publish","format-standard","has-post-thumbnail","hentry","category-en-esta-seccion"],"_links":{"self":[{"href":"https:\/\/www.elpolitologoyelpolitico.com.ar\/wordpress\/wp-json\/wp\/v2\/posts\/15770","targetHints":{"allow":["GET"]}}],"collection":[{"href":"https:\/\/www.elpolitologoyelpolitico.com.ar\/wordpress\/wp-json\/wp\/v2\/posts"}],"about":[{"href":"https:\/\/www.elpolitologoyelpolitico.com.ar\/wordpress\/wp-json\/wp\/v2\/types\/post"}],"author":[{"embeddable":true,"href":"https:\/\/www.elpolitologoyelpolitico.com.ar\/wordpress\/wp-json\/wp\/v2\/users\/4"}],"replies":[{"embeddable":true,"href":"https:\/\/www.elpolitologoyelpolitico.com.ar\/wordpress\/wp-json\/wp\/v2\/comments?post=15770"}],"version-history":[{"count":0,"href":"https:\/\/www.elpolitologoyelpolitico.com.ar\/wordpress\/wp-json\/wp\/v2\/posts\/15770\/revisions"}],"wp:featuredmedia":[{"embeddable":true,"href":"https:\/\/www.elpolitologoyelpolitico.com.ar\/wordpress\/wp-json\/wp\/v2\/media\/15771"}],"wp:attachment":[{"href":"https:\/\/www.elpolitologoyelpolitico.com.ar\/wordpress\/wp-json\/wp\/v2\/media?parent=15770"}],"wp:term":[{"taxonomy":"category","embeddable":true,"href":"https:\/\/www.elpolitologoyelpolitico.com.ar\/wordpress\/wp-json\/wp\/v2\/categories?post=15770"},{"taxonomy":"post_tag","embeddable":true,"href":"https:\/\/www.elpolitologoyelpolitico.com.ar\/wordpress\/wp-json\/wp\/v2\/tags?post=15770"}],"curies":[{"name":"wp","href":"https:\/\/api.w.org\/{rel}","templated":true}]}}