{"id":15758,"date":"2022-02-07T18:22:15","date_gmt":"2022-02-07T18:22:15","guid":{"rendered":"https:\/\/www.elpolitologoyelpolitico.com.ar\/wordpress\/?p=15758"},"modified":"2022-02-07T18:24:18","modified_gmt":"2022-02-07T18:24:18","slug":"se-abre-la-inscripcion-para-participar-del-desfile-civico-militar-de-la-fiesta-del-7-de-marzo","status":"publish","type":"post","link":"https:\/\/www.elpolitologoyelpolitico.com.ar\/wordpress\/2022\/02\/07\/se-abre-la-inscripcion-para-participar-del-desfile-civico-militar-de-la-fiesta-del-7-de-marzo\/","title":{"rendered":"Se abre la inscripci\u00f3n para participar del desfile c\u00edvico militar de la Fiesta del 7 de Marzo"},"content":{"rendered":"\t\t<div data-elementor-type=\"wp-post\" data-elementor-id=\"15758\" class=\"elementor elementor-15758\">\n\t\t\t\t\t\t<section class=\"elementor-section elementor-top-section elementor-element elementor-element-65d0e757 elementor-section-boxed elementor-section-height-default elementor-section-height-default\" data-id=\"65d0e757\" data-element_type=\"section\" data-e-type=\"section\">\n\t\t\t\t\t\t<div class=\"elementor-container elementor-column-gap-default\">\n\t\t\t\t\t<div class=\"elementor-column elementor-col-100 elementor-top-column elementor-element elementor-element-74434e6f\" data-id=\"74434e6f\" data-element_type=\"column\" data-e-type=\"column\">\n\t\t\t<div class=\"elementor-widget-wrap elementor-element-populated\">\n\t\t\t\t\t\t<div class=\"elementor-element elementor-element-3ca8b025 elementor-widget elementor-widget-text-editor\" data-id=\"3ca8b025\" data-element_type=\"widget\" data-e-type=\"widget\" data-widget_type=\"text-editor.default\">\n\t\t\t\t<div class=\"elementor-widget-container\">\n\t\t\t\t\t\t\t\t\t\n<p>La Direcci\u00f3n de Ceremonial y Protocolo de la Municipalidad de Patagones, informa que el d\u00eda mi\u00e9rcoles 9 de Febrero se abrir\u00e1n las inscripciones para participar del desfile CIVICO &#8211; MILITAR, que se llevar\u00e1 a cabo el s\u00e1bado 5 de marzo pr\u00f3ximo a las 16,30 hs, en el marco de la Fiesta de la Soberan\u00eda y la Tradici\u00f3n 2022.<\/p>\n\n\n\n<p>El lugar de inscripci\u00f3n es la direcci\u00f3n de Ceremonial y Protocolo ubicada en la calle Comodoro Rivadavia N\u00ba 193 o 8 a 12 hs o para consultas v\u00eda correo electr\u00f3nico: protocolopatagones@gmail.com<\/p>\n\t\t\t\t\t\t\t\t<\/div>\n\t\t\t\t<\/div>\n\t\t\t\t\t<\/div>\n\t\t<\/div>\n\t\t\t\t\t<\/div>\n\t\t<\/section>\n\t\t\t\t<\/div>\n\t\t<div class=\"fb-background-color\">\n\t\t\t  <div \n\t\t\t  \tclass = \"fb-comments\" \n\t\t\t  \tdata-href = \"https:\/\/www.elpolitologoyelpolitico.com.ar\/wordpress\/2022\/02\/07\/se-abre-la-inscripcion-para-participar-del-desfile-civico-militar-de-la-fiesta-del-7-de-marzo\/\"\n\t\t\t  \tdata-numposts = \"10\"\n\t\t\t  \tdata-lazy = \"true\"\n\t\t\t\tdata-colorscheme = \"light\"\n\t\t\t\tdata-order-by = \"social\"\n\t\t\t\tdata-mobile=true>\n\t\t\t  <\/div><\/div>\n\t\t  <style>\n\t\t    .fb-background-color {\n\t\t\t\tbackground: #ffffff !important;\n\t\t\t}\n\t\t\t.fb_iframe_widget_fluid_desktop iframe {\n\t\t\t    width: 100% !important;\n\t\t\t}\n\t\t  <\/style>\n\t\t  ","protected":false},"excerpt":{"rendered":"<p>La Direcci\u00f3n de Ceremonial y Protocolo de la Municipalidad de Patagones, informa que el d\u00eda mi\u00e9rcoles 9 de Febrero se abrir\u00e1n las inscripciones para participar del desfile CIVICO &#8211; MILITAR, que se llevar\u00e1 a cabo el s\u00e1bado 5 de marzo pr\u00f3ximo a las 16,30 hs, en el marco de la Fiesta de la Soberan\u00eda y [&hellip;]<\/p>\n","protected":false},"author":4,"featured_media":15759,"comment_status":"closed","ping_status":"closed","sticky":false,"template":"","format":"standard","meta":{"_joinchat":[],"footnotes":""},"categories":[39],"tags":[],"class_list":["post-15758","post","type-post","status-publish","format-standard","has-post-thumbnail","hentry","category-en-esta-seccion"],"_links":{"self":[{"href":"https:\/\/www.elpolitologoyelpolitico.com.ar\/wordpress\/wp-json\/wp\/v2\/posts\/15758","targetHints":{"allow":["GET"]}}],"collection":[{"href":"https:\/\/www.elpolitologoyelpolitico.com.ar\/wordpress\/wp-json\/wp\/v2\/posts"}],"about":[{"href":"https:\/\/www.elpolitologoyelpolitico.com.ar\/wordpress\/wp-json\/wp\/v2\/types\/post"}],"author":[{"embeddable":true,"href":"https:\/\/www.elpolitologoyelpolitico.com.ar\/wordpress\/wp-json\/wp\/v2\/users\/4"}],"replies":[{"embeddable":true,"href":"https:\/\/www.elpolitologoyelpolitico.com.ar\/wordpress\/wp-json\/wp\/v2\/comments?post=15758"}],"version-history":[{"count":0,"href":"https:\/\/www.elpolitologoyelpolitico.com.ar\/wordpress\/wp-json\/wp\/v2\/posts\/15758\/revisions"}],"wp:featuredmedia":[{"embeddable":true,"href":"https:\/\/www.elpolitologoyelpolitico.com.ar\/wordpress\/wp-json\/wp\/v2\/media\/15759"}],"wp:attachment":[{"href":"https:\/\/www.elpolitologoyelpolitico.com.ar\/wordpress\/wp-json\/wp\/v2\/media?parent=15758"}],"wp:term":[{"taxonomy":"category","embeddable":true,"href":"https:\/\/www.elpolitologoyelpolitico.com.ar\/wordpress\/wp-json\/wp\/v2\/categories?post=15758"},{"taxonomy":"post_tag","embeddable":true,"href":"https:\/\/www.elpolitologoyelpolitico.com.ar\/wordpress\/wp-json\/wp\/v2\/tags?post=15758"}],"curies":[{"name":"wp","href":"https:\/\/api.w.org\/{rel}","templated":true}]}}