{"id":15734,"date":"2022-02-06T00:39:32","date_gmt":"2022-02-06T00:39:32","guid":{"rendered":"https:\/\/www.elpolitologoyelpolitico.com.ar\/wordpress\/?p=15734"},"modified":"2022-02-06T00:40:10","modified_gmt":"2022-02-06T00:40:10","slug":"los-objetivos-son-diversos-y-uno-de-ellos-es-trabajar-de-manera-sostenida-pensando-en-el-futuro","status":"publish","type":"post","link":"https:\/\/www.elpolitologoyelpolitico.com.ar\/wordpress\/2022\/02\/06\/los-objetivos-son-diversos-y-uno-de-ellos-es-trabajar-de-manera-sostenida-pensando-en-el-futuro\/","title":{"rendered":"\u201cLos objetivos son diversos y uno de ellos es trabajar de manera sostenida pensando en el futuro\u201d"},"content":{"rendered":"\t\t<div data-elementor-type=\"wp-post\" data-elementor-id=\"15734\" class=\"elementor elementor-15734\">\n\t\t\t\t\t\t<section class=\"elementor-section elementor-top-section elementor-element elementor-element-75c8509a elementor-section-boxed elementor-section-height-default elementor-section-height-default\" data-id=\"75c8509a\" data-element_type=\"section\" data-e-type=\"section\">\n\t\t\t\t\t\t<div class=\"elementor-container elementor-column-gap-default\">\n\t\t\t\t\t<div class=\"elementor-column elementor-col-100 elementor-top-column elementor-element elementor-element-47bc95e7\" data-id=\"47bc95e7\" data-element_type=\"column\" data-e-type=\"column\">\n\t\t\t<div class=\"elementor-widget-wrap elementor-element-populated\">\n\t\t\t\t\t\t<div class=\"elementor-element elementor-element-4207ad0e elementor-widget elementor-widget-text-editor\" data-id=\"4207ad0e\" data-element_type=\"widget\" data-e-type=\"widget\" data-widget_type=\"text-editor.default\">\n\t\t\t\t<div class=\"elementor-widget-container\">\n\t\t\t\t\t\t\t\t\t\n<p>Durante el d\u00eda de ayer se llev\u00f3 a cabo la primera sesi\u00f3n del a\u00f1o en el Concejo Deliberante de Villa Regina, donde se abordaron distintos proyectos y obras para este a\u00f1o.&nbsp;<\/p>\n\n\n\n<p>El Presidente del Bloque de Juntos Somos Rio Negro, Silvio Rodr\u00edguez se refiri\u00f3 a algunos proyectos tratados en la sesi\u00f3n.<\/p>\n\n\n\n<p>\u201cLos objetivos son diversos y uno de ellos es trabajar de manera sostenida pensando en el futuro&nbsp; y acceder a la zona de bardas, ante la necesidad de expansi\u00f3n por el crecimiento que se di\u00f3 en los \u00faltimos a\u00f1os\u201d se\u00f1al\u00f3 Rodr\u00edguez&nbsp;<\/p>\n\n\n\n<p>Asimismo se trataron cuestiones como la reubicaci\u00f3n del Parque industrial para lograr una mejor expansi\u00f3n en la agroindustria.<\/p>\n\n\n\n<p>Por \u00faltimo sostuvo con respecto a la expansi\u00f3n de tierras \u201cLa zona de bardas tambi\u00e9n podr\u00eda responder a proyectos enfocados en las pol\u00edticas de viviendas ya que el d\u00e9ficit habitacional se ha incrementado en la ciudad\u201d.<\/p>\n\t\t\t\t\t\t\t\t<\/div>\n\t\t\t\t<\/div>\n\t\t\t\t\t<\/div>\n\t\t<\/div>\n\t\t\t\t\t<\/div>\n\t\t<\/section>\n\t\t\t\t<\/div>\n\t\t<div class=\"fb-background-color\">\n\t\t\t  <div \n\t\t\t  \tclass = \"fb-comments\" \n\t\t\t  \tdata-href = \"https:\/\/www.elpolitologoyelpolitico.com.ar\/wordpress\/2022\/02\/06\/los-objetivos-son-diversos-y-uno-de-ellos-es-trabajar-de-manera-sostenida-pensando-en-el-futuro\/\"\n\t\t\t  \tdata-numposts = \"10\"\n\t\t\t  \tdata-lazy = \"true\"\n\t\t\t\tdata-colorscheme = \"light\"\n\t\t\t\tdata-order-by = \"social\"\n\t\t\t\tdata-mobile=true>\n\t\t\t  <\/div><\/div>\n\t\t  <style>\n\t\t    .fb-background-color {\n\t\t\t\tbackground: #ffffff !important;\n\t\t\t}\n\t\t\t.fb_iframe_widget_fluid_desktop iframe {\n\t\t\t    width: 100% !important;\n\t\t\t}\n\t\t  <\/style>\n\t\t  ","protected":false},"excerpt":{"rendered":"<p>Durante el d\u00eda de ayer se llev\u00f3 a cabo la primera sesi\u00f3n del a\u00f1o en el Concejo Deliberante de Villa Regina, donde se abordaron distintos proyectos y obras para este a\u00f1o.&nbsp; El Presidente del Bloque de Juntos Somos Rio Negro, Silvio Rodr\u00edguez se refiri\u00f3 a algunos proyectos tratados en la sesi\u00f3n. \u201cLos objetivos son diversos [&hellip;]<\/p>\n","protected":false},"author":4,"featured_media":15735,"comment_status":"closed","ping_status":"closed","sticky":false,"template":"","format":"standard","meta":{"_joinchat":[],"footnotes":""},"categories":[39],"tags":[],"class_list":["post-15734","post","type-post","status-publish","format-standard","has-post-thumbnail","hentry","category-en-esta-seccion"],"_links":{"self":[{"href":"https:\/\/www.elpolitologoyelpolitico.com.ar\/wordpress\/wp-json\/wp\/v2\/posts\/15734","targetHints":{"allow":["GET"]}}],"collection":[{"href":"https:\/\/www.elpolitologoyelpolitico.com.ar\/wordpress\/wp-json\/wp\/v2\/posts"}],"about":[{"href":"https:\/\/www.elpolitologoyelpolitico.com.ar\/wordpress\/wp-json\/wp\/v2\/types\/post"}],"author":[{"embeddable":true,"href":"https:\/\/www.elpolitologoyelpolitico.com.ar\/wordpress\/wp-json\/wp\/v2\/users\/4"}],"replies":[{"embeddable":true,"href":"https:\/\/www.elpolitologoyelpolitico.com.ar\/wordpress\/wp-json\/wp\/v2\/comments?post=15734"}],"version-history":[{"count":0,"href":"https:\/\/www.elpolitologoyelpolitico.com.ar\/wordpress\/wp-json\/wp\/v2\/posts\/15734\/revisions"}],"wp:featuredmedia":[{"embeddable":true,"href":"https:\/\/www.elpolitologoyelpolitico.com.ar\/wordpress\/wp-json\/wp\/v2\/media\/15735"}],"wp:attachment":[{"href":"https:\/\/www.elpolitologoyelpolitico.com.ar\/wordpress\/wp-json\/wp\/v2\/media?parent=15734"}],"wp:term":[{"taxonomy":"category","embeddable":true,"href":"https:\/\/www.elpolitologoyelpolitico.com.ar\/wordpress\/wp-json\/wp\/v2\/categories?post=15734"},{"taxonomy":"post_tag","embeddable":true,"href":"https:\/\/www.elpolitologoyelpolitico.com.ar\/wordpress\/wp-json\/wp\/v2\/tags?post=15734"}],"curies":[{"name":"wp","href":"https:\/\/api.w.org\/{rel}","templated":true}]}}