{"id":15728,"date":"2022-02-05T23:53:50","date_gmt":"2022-02-05T23:53:50","guid":{"rendered":"https:\/\/www.elpolitologoyelpolitico.com.ar\/wordpress\/?p=15728"},"modified":"2022-02-05T23:54:25","modified_gmt":"2022-02-05T23:54:25","slug":"la-provincia-ha-estado-apoyando-muchisimo-y-esto-se-ve-en-los-resultados","status":"publish","type":"post","link":"https:\/\/www.elpolitologoyelpolitico.com.ar\/wordpress\/2022\/02\/05\/la-provincia-ha-estado-apoyando-muchisimo-y-esto-se-ve-en-los-resultados\/","title":{"rendered":"\u201cLa Provincia ha estado apoyando much\u00edsimo y esto se ve en los resultados\u201d"},"content":{"rendered":"\t\t<div data-elementor-type=\"wp-post\" data-elementor-id=\"15728\" class=\"elementor elementor-15728\">\n\t\t\t\t\t\t<section class=\"elementor-section elementor-top-section elementor-element elementor-element-37c2247 elementor-section-boxed elementor-section-height-default elementor-section-height-default\" data-id=\"37c2247\" data-element_type=\"section\" data-e-type=\"section\">\n\t\t\t\t\t\t<div class=\"elementor-container elementor-column-gap-default\">\n\t\t\t\t\t<div class=\"elementor-column elementor-col-100 elementor-top-column elementor-element elementor-element-4c5db7f0\" data-id=\"4c5db7f0\" data-element_type=\"column\" data-e-type=\"column\">\n\t\t\t<div class=\"elementor-widget-wrap elementor-element-populated\">\n\t\t\t\t\t\t<div class=\"elementor-element elementor-element-237080f4 elementor-widget elementor-widget-text-editor\" data-id=\"237080f4\" data-element_type=\"widget\" data-e-type=\"widget\" data-widget_type=\"text-editor.default\">\n\t\t\t\t<div class=\"elementor-widget-container\">\n\t\t\t\t\t\t\t\t\t\n<p>La Secretar\u00eda de Deporte de Rio Negro viene desarrollando una serie de actividades y propuestas en lo que va el a\u00f1o.<\/p>\n\n\n\n<p>\u201cNuestro objetivo m\u00e1s cercanos son los juegos provinciales de arena del 28 de marzo donde habr\u00e1 diferentes disciplinas, actualmente estamos trabajando para esto\u201d se\u00f1al\u00f3 el subsecretario de deporte Federado Nahuel Astutti.<\/p>\n\n\n\n<p>Asimismo remarc\u00f3 \u201cEs una pol\u00edtica importante para llevar adelante, por eso la Provincia ha estado apoyando much\u00edsimo y esto se ve en los resultados\u201d.<\/p>\n\n\n\n<p>Ademas indic\u00f3 el trabajo que se viene realizando desde el Ministerio para apoyar a las instituciones y deportistas de la provincia.&nbsp;<\/p>\n\n\n\n<p>\u201cEstamos trabajando en la igualdad de g\u00e9nero dentro del deporte, el automovilismo era uno de los tantos que estaba muy invadido por la masculinidad y hoy tenemos la posibilidad de llevar adelante una carrera de mujeres\u201d finaliz\u00f3 Astutti.<\/p>\n\t\t\t\t\t\t\t\t<\/div>\n\t\t\t\t<\/div>\n\t\t\t\t\t<\/div>\n\t\t<\/div>\n\t\t\t\t\t<\/div>\n\t\t<\/section>\n\t\t\t\t<\/div>\n\t\t<div class=\"fb-background-color\">\n\t\t\t  <div \n\t\t\t  \tclass = \"fb-comments\" \n\t\t\t  \tdata-href = \"https:\/\/www.elpolitologoyelpolitico.com.ar\/wordpress\/2022\/02\/05\/la-provincia-ha-estado-apoyando-muchisimo-y-esto-se-ve-en-los-resultados\/\"\n\t\t\t  \tdata-numposts = \"10\"\n\t\t\t  \tdata-lazy = \"true\"\n\t\t\t\tdata-colorscheme = \"light\"\n\t\t\t\tdata-order-by = \"social\"\n\t\t\t\tdata-mobile=true>\n\t\t\t  <\/div><\/div>\n\t\t  <style>\n\t\t    .fb-background-color {\n\t\t\t\tbackground: #ffffff !important;\n\t\t\t}\n\t\t\t.fb_iframe_widget_fluid_desktop iframe {\n\t\t\t    width: 100% !important;\n\t\t\t}\n\t\t  <\/style>\n\t\t  ","protected":false},"excerpt":{"rendered":"<p>La Secretar\u00eda de Deporte de Rio Negro viene desarrollando una serie de actividades y propuestas en lo que va el a\u00f1o. \u201cNuestro objetivo m\u00e1s cercanos son los juegos provinciales de arena del 28 de marzo donde habr\u00e1 diferentes disciplinas, actualmente estamos trabajando para esto\u201d se\u00f1al\u00f3 el subsecretario de deporte Federado Nahuel Astutti. Asimismo remarc\u00f3 \u201cEs [&hellip;]<\/p>\n","protected":false},"author":4,"featured_media":15729,"comment_status":"closed","ping_status":"closed","sticky":false,"template":"","format":"standard","meta":{"_joinchat":[],"footnotes":""},"categories":[39],"tags":[],"class_list":["post-15728","post","type-post","status-publish","format-standard","has-post-thumbnail","hentry","category-en-esta-seccion"],"_links":{"self":[{"href":"https:\/\/www.elpolitologoyelpolitico.com.ar\/wordpress\/wp-json\/wp\/v2\/posts\/15728","targetHints":{"allow":["GET"]}}],"collection":[{"href":"https:\/\/www.elpolitologoyelpolitico.com.ar\/wordpress\/wp-json\/wp\/v2\/posts"}],"about":[{"href":"https:\/\/www.elpolitologoyelpolitico.com.ar\/wordpress\/wp-json\/wp\/v2\/types\/post"}],"author":[{"embeddable":true,"href":"https:\/\/www.elpolitologoyelpolitico.com.ar\/wordpress\/wp-json\/wp\/v2\/users\/4"}],"replies":[{"embeddable":true,"href":"https:\/\/www.elpolitologoyelpolitico.com.ar\/wordpress\/wp-json\/wp\/v2\/comments?post=15728"}],"version-history":[{"count":0,"href":"https:\/\/www.elpolitologoyelpolitico.com.ar\/wordpress\/wp-json\/wp\/v2\/posts\/15728\/revisions"}],"wp:featuredmedia":[{"embeddable":true,"href":"https:\/\/www.elpolitologoyelpolitico.com.ar\/wordpress\/wp-json\/wp\/v2\/media\/15729"}],"wp:attachment":[{"href":"https:\/\/www.elpolitologoyelpolitico.com.ar\/wordpress\/wp-json\/wp\/v2\/media?parent=15728"}],"wp:term":[{"taxonomy":"category","embeddable":true,"href":"https:\/\/www.elpolitologoyelpolitico.com.ar\/wordpress\/wp-json\/wp\/v2\/categories?post=15728"},{"taxonomy":"post_tag","embeddable":true,"href":"https:\/\/www.elpolitologoyelpolitico.com.ar\/wordpress\/wp-json\/wp\/v2\/tags?post=15728"}],"curies":[{"name":"wp","href":"https:\/\/api.w.org\/{rel}","templated":true}]}}