{"id":15714,"date":"2022-02-05T18:20:35","date_gmt":"2022-02-05T18:20:35","guid":{"rendered":"https:\/\/www.elpolitologoyelpolitico.com.ar\/wordpress\/?p=15714"},"modified":"2022-02-05T18:21:12","modified_gmt":"2022-02-05T18:21:12","slug":"vuelve-el-turismo-carretera-viedma-prepara-sus-encantos-para-recibir-visitantes-de-todo-el-pais","status":"publish","type":"post","link":"https:\/\/www.elpolitologoyelpolitico.com.ar\/wordpress\/2022\/02\/05\/vuelve-el-turismo-carretera-viedma-prepara-sus-encantos-para-recibir-visitantes-de-todo-el-pais\/","title":{"rendered":"Vuelve el Turismo Carretera! Viedma prepara sus encantos para recibir visitantes de todo el pa\u00eds"},"content":{"rendered":"\t\t<div data-elementor-type=\"wp-post\" data-elementor-id=\"15714\" class=\"elementor elementor-15714\">\n\t\t\t\t\t\t<section class=\"elementor-section elementor-top-section elementor-element elementor-element-582382b0 elementor-section-boxed elementor-section-height-default elementor-section-height-default\" data-id=\"582382b0\" data-element_type=\"section\" data-e-type=\"section\">\n\t\t\t\t\t\t<div class=\"elementor-container elementor-column-gap-default\">\n\t\t\t\t\t<div class=\"elementor-column elementor-col-100 elementor-top-column elementor-element elementor-element-3214d5e2\" data-id=\"3214d5e2\" data-element_type=\"column\" data-e-type=\"column\">\n\t\t\t<div class=\"elementor-widget-wrap elementor-element-populated\">\n\t\t\t\t\t\t<div class=\"elementor-element elementor-element-4343d4f0 elementor-widget elementor-widget-text-editor\" data-id=\"4343d4f0\" data-element_type=\"widget\" data-e-type=\"widget\" data-widget_type=\"text-editor.default\">\n\t\t\t\t<div class=\"elementor-widget-container\">\n\t\t\t\t\t\t\t\t\t\n<p>El fin de semana del 11 al 13 de febrero el Turismo Carretera volver\u00e1 a sentirse en la capital rionegrina, que se prepara para recibir visitantes de todo el pa\u00eds con una amplia propuesta tur\u00edstica que tiene a las extensas y pintorescas playas que conforman el Camino de la Costa como protagonistas.<\/p>\n\n\n\n<p>Adem\u00e1s, aquellos que arriben a Viedma tambi\u00e9n tendr\u00e1n la posibilidad de complementar su estad\u00eda con un sinf\u00edn de experiencias al aire libre y en contacto con la naturaleza en el majestuoso r\u00edo Negro, uno de los principales atractivos que enmarca a la ciudad en un incre\u00edble e inigualable paisaje.<\/p>\n\n\n\n<p><strong>Diversi\u00f3n en el mar<\/strong><\/p>\n\n\n\n<p>A tan solo media hora de Viedma por Ruta N\u00b01, El C\u00f3ndor da inicio a una serie de playas que fusionan belleza y tranquilidad, transform\u00e1ndose en algunos de los rincones m\u00e1s destacados y maravillosos del territorio provincial.<\/p>\n\n\n\n<p>Este balneario, que cuenta con todos los servicios para recibir al turismo, se caracteriza por la amplitud de sus playas que se extienden a lo largo de 10 kil\u00f3metros e invitan a disfrutar un sinf\u00edn de propuestas con amigos o en familia. Adem\u00e1s, entre sus atractivos, presenta la Colonia de Loros m\u00e1s grande del mundo a la que se suma una variada avifauna.<\/p>\n\n\n\n<p>Gracias a las caracter\u00edsticas dadas por sus grandes extensiones, la calidad de los vientos y las costas bajas, este lugar brinda el contexto ideal para que los amantes de la aventura puedan disfrutar algunos deportes llenos de adrenalina tales como carrovelismo, kitebuggy, windsurf,&nbsp; kitesurf y windskate.<\/p>\n\n\n\n<p><strong>Un poco de relax<\/strong><\/p>\n\n\n\n<p>Aquellos que busquen tranquilidad podr\u00e1n optar por largas caminatas a orillas del mar, o simplemente sentarse a apreciar los m\u00e1gicos atardeceres en los que el agua y el cielo se unen para dar paso a una postal \u00fanica e inolvidable.<\/p>\n\n\n\n<p>Continuando el recorrido y a escasos kil\u00f3metros de El C\u00f3ndor se encuentran El Espig\u00f3n, elegido habitualmente por quienes buscan imponentes olas para practicar surf, y Playa Bonita, un encantador sitio que al resguardo de los acantilados, ofrece una paz infinita entre el sonido m\u00e1gico del mar.<\/p>\n\n\n\n<p>Por el mismo camino, a unos 60 kil\u00f3metros de la capital rionegrina, La Lober\u00eda se transforma en uno de los lugares m\u00e1s elegidos por grandes y chicos gracias a sus piletones naturales que quedan al descubierto en la bajamar brindando un atractivo \u00fanico. Adem\u00e1s, el balneario alberga una confiter\u00eda con servicios de primer nivel y vistas privilegiadas del mar y un camping municipal totalmente renovado.<\/p>\n\n\n\n<p>Siguiendo por el el litoral rionegrino,&nbsp; aunque por camino de ripio, aparecen la reserva faun\u00edstica Punta Bermeja, h\u00e1bitat de la colonia de lobos marinos de un pelo m\u00e1s importante de Sudam\u00e9rica, Bah\u00eda Rosas, Bah\u00eda Creek, Caleta de los Loros y Pozo Salado, peque\u00f1os para\u00edsos escondidos de la Costa Atl\u00e1ntica rionegrina.<\/p>\n\n\n\n<p><strong>Tentadoras propuestas en el r\u00edo<\/strong><\/p>\n\n\n\n<p>Otro de los grandes atractivos de la capital rionegrina es sin lugar a dudas el r\u00edo Negro, un curso de agua que atraviesa gran parte de la provincia e invita a practicar distintas actividades recretivas como canotaje o stand up paddle en el trayecto que ba\u00f1a las costas de Viedma y la vecina ciudad de Carmen de Patagones.<\/p>\n\n\n\n<p>Este escenario natural tambi\u00e9n puede disfrutarse mediante largas caminatas, recorridos en bicicleta o simplemente entre charlas y mates mientras se aprecian las maravillosas vistas ribere\u00f1as enmarcadas por un imponente entorno natural.<\/p>\n\n\n\n<p>Cabe destacar que Viedma tambi\u00e9n cuenta con una gran oferta de Turismo Religioso que ronda en torno a la vida de Art\u00e9mides Zatti y Ceferino Namuncur\u00e1, dos beatos que pasaron gran parte de su vida en la localidad donde desarrollaron importantes acciones que quedaron para siempre marcadas en la memoria colectiva.<\/p>\n\n\n\n<p>Entre las propuestas relacionadas a esta tem\u00e1tica, es posible visitar el Museo Salesiano que se encuentra en la Manzana Hist\u00f3rica, as\u00ed como tambi\u00e9n los restos del enfermero santo que descansan en la Capilla Don Bosco.<\/p>\n\n\n\n<p><strong>Sobre la competencia<\/strong><\/p>\n\n\n\n<p>Por octavo a\u00f1o consecutivo, el Aut\u00f3dromo Ciudad de Viedma volver\u00e1 a recibir al Turismo Carretera y al TC Pista. Se espera el arribo de miles de fan\u00e1ticos y fan\u00e1ticas de todo el pa\u00eds para presenciar la apasionante fecha apertura de ambas categor\u00edas.<\/p>\n\n\n\n<p>Este evento tendr\u00e1 una impronta sumamente especial ya que se llevar\u00e1 a cabo la Copa \u201cGobierno de R\u00edo Negro\u201d de la categor\u00eda Bora, la primera carrera de mujeres en la historia del automovilismo nacional que reunir\u00e1 a pilotas de todo el territorio argentino.<\/p>\n\n\n\n<p>Las entradas anticipadas podr\u00e1n adquirirse en: <a href=\"https:\/\/entradas.actc.org.ar\">https:\/\/entradas.actc.org.ar<\/a><\/p>\n\n\n\n<figure class=\"wp-block-gallery columns-2 is-cropped wp-block-gallery-2 is-layout-flex wp-block-gallery-is-layout-flex\"><ul class=\"blocks-gallery-grid\"><li class=\"blocks-gallery-item\"><figure><img fetchpriority=\"high\" decoding=\"async\" width=\"1024\" height=\"683\" src=\"https:\/\/www.elpolitologoyelpolitico.com.ar\/wp-content\/uploads\/2022\/02\/IMG-20220205-WA0018-1024x683.jpg\" alt=\"\" data-id=\"15716\" data-full-url=\"https:\/\/www.elpolitologoyelpolitico.com.ar\/wp-content\/uploads\/2022\/02\/IMG-20220205-WA0018.jpg\" data-link=\"https:\/\/www.elpolitologoyelpolitico.com.ar\/wordpress\/?attachment_id=15716\" class=\"wp-image-15716\" srcset=\"https:\/\/www.elpolitologoyelpolitico.com.ar\/wp-content\/uploads\/2022\/02\/IMG-20220205-WA0018-1024x683.jpg 1024w, https:\/\/www.elpolitologoyelpolitico.com.ar\/wp-content\/uploads\/2022\/02\/IMG-20220205-WA0018-300x200.jpg 300w, https:\/\/www.elpolitologoyelpolitico.com.ar\/wp-content\/uploads\/2022\/02\/IMG-20220205-WA0018-768x512.jpg 768w, https:\/\/www.elpolitologoyelpolitico.com.ar\/wp-content\/uploads\/2022\/02\/IMG-20220205-WA0018.jpg 1280w\" sizes=\"(max-width: 1024px) 100vw, 1024px\" \/><\/figure><\/li><li class=\"blocks-gallery-item\"><figure><img decoding=\"async\" width=\"1024\" height=\"682\" src=\"https:\/\/www.elpolitologoyelpolitico.com.ar\/wp-content\/uploads\/2022\/02\/IMG-20220205-WA0017-1024x682.jpg\" alt=\"\" data-id=\"15717\" data-full-url=\"https:\/\/www.elpolitologoyelpolitico.com.ar\/wp-content\/uploads\/2022\/02\/IMG-20220205-WA0017.jpg\" data-link=\"https:\/\/www.elpolitologoyelpolitico.com.ar\/wordpress\/?attachment_id=15717\" class=\"wp-image-15717\" srcset=\"https:\/\/www.elpolitologoyelpolitico.com.ar\/wp-content\/uploads\/2022\/02\/IMG-20220205-WA0017-1024x682.jpg 1024w, https:\/\/www.elpolitologoyelpolitico.com.ar\/wp-content\/uploads\/2022\/02\/IMG-20220205-WA0017-300x200.jpg 300w, https:\/\/www.elpolitologoyelpolitico.com.ar\/wp-content\/uploads\/2022\/02\/IMG-20220205-WA0017-768x512.jpg 768w, https:\/\/www.elpolitologoyelpolitico.com.ar\/wp-content\/uploads\/2022\/02\/IMG-20220205-WA0017.jpg 1280w\" sizes=\"(max-width: 1024px) 100vw, 1024px\" \/><\/figure><\/li><\/ul><\/figure>\n\t\t\t\t\t\t\t\t<\/div>\n\t\t\t\t<\/div>\n\t\t\t\t\t<\/div>\n\t\t<\/div>\n\t\t\t\t\t<\/div>\n\t\t<\/section>\n\t\t\t\t<\/div>\n\t\t<div class=\"fb-background-color\">\n\t\t\t  <div \n\t\t\t  \tclass = \"fb-comments\" \n\t\t\t  \tdata-href = \"https:\/\/www.elpolitologoyelpolitico.com.ar\/wordpress\/2022\/02\/05\/vuelve-el-turismo-carretera-viedma-prepara-sus-encantos-para-recibir-visitantes-de-todo-el-pais\/\"\n\t\t\t  \tdata-numposts = \"10\"\n\t\t\t  \tdata-lazy = \"true\"\n\t\t\t\tdata-colorscheme = \"light\"\n\t\t\t\tdata-order-by = \"social\"\n\t\t\t\tdata-mobile=true>\n\t\t\t  <\/div><\/div>\n\t\t  <style>\n\t\t    .fb-background-color {\n\t\t\t\tbackground: #ffffff !important;\n\t\t\t}\n\t\t\t.fb_iframe_widget_fluid_desktop iframe {\n\t\t\t    width: 100% !important;\n\t\t\t}\n\t\t  <\/style>\n\t\t  ","protected":false},"excerpt":{"rendered":"<p>El fin de semana del 11 al 13 de febrero el Turismo Carretera volver\u00e1 a sentirse en la capital rionegrina, que se prepara para recibir visitantes de todo el pa\u00eds con una amplia propuesta tur\u00edstica que tiene a las extensas y pintorescas playas que conforman el Camino de la Costa como protagonistas. Adem\u00e1s, aquellos que [&hellip;]<\/p>\n","protected":false},"author":4,"featured_media":15715,"comment_status":"closed","ping_status":"closed","sticky":false,"template":"","format":"standard","meta":{"_joinchat":[],"footnotes":""},"categories":[39],"tags":[],"class_list":["post-15714","post","type-post","status-publish","format-standard","has-post-thumbnail","hentry","category-en-esta-seccion"],"_links":{"self":[{"href":"https:\/\/www.elpolitologoyelpolitico.com.ar\/wordpress\/wp-json\/wp\/v2\/posts\/15714","targetHints":{"allow":["GET"]}}],"collection":[{"href":"https:\/\/www.elpolitologoyelpolitico.com.ar\/wordpress\/wp-json\/wp\/v2\/posts"}],"about":[{"href":"https:\/\/www.elpolitologoyelpolitico.com.ar\/wordpress\/wp-json\/wp\/v2\/types\/post"}],"author":[{"embeddable":true,"href":"https:\/\/www.elpolitologoyelpolitico.com.ar\/wordpress\/wp-json\/wp\/v2\/users\/4"}],"replies":[{"embeddable":true,"href":"https:\/\/www.elpolitologoyelpolitico.com.ar\/wordpress\/wp-json\/wp\/v2\/comments?post=15714"}],"version-history":[{"count":0,"href":"https:\/\/www.elpolitologoyelpolitico.com.ar\/wordpress\/wp-json\/wp\/v2\/posts\/15714\/revisions"}],"wp:featuredmedia":[{"embeddable":true,"href":"https:\/\/www.elpolitologoyelpolitico.com.ar\/wordpress\/wp-json\/wp\/v2\/media\/15715"}],"wp:attachment":[{"href":"https:\/\/www.elpolitologoyelpolitico.com.ar\/wordpress\/wp-json\/wp\/v2\/media?parent=15714"}],"wp:term":[{"taxonomy":"category","embeddable":true,"href":"https:\/\/www.elpolitologoyelpolitico.com.ar\/wordpress\/wp-json\/wp\/v2\/categories?post=15714"},{"taxonomy":"post_tag","embeddable":true,"href":"https:\/\/www.elpolitologoyelpolitico.com.ar\/wordpress\/wp-json\/wp\/v2\/tags?post=15714"}],"curies":[{"name":"wp","href":"https:\/\/api.w.org\/{rel}","templated":true}]}}