{"id":15688,"date":"2022-02-05T00:52:00","date_gmt":"2022-02-05T00:52:00","guid":{"rendered":"https:\/\/www.elpolitologoyelpolitico.com.ar\/wordpress\/?p=15688"},"modified":"2022-02-05T00:52:22","modified_gmt":"2022-02-05T00:52:22","slug":"la-libertad-nos-saca-de-la-pobreza","status":"publish","type":"post","link":"https:\/\/www.elpolitologoyelpolitico.com.ar\/wordpress\/2022\/02\/05\/la-libertad-nos-saca-de-la-pobreza\/","title":{"rendered":"\u00bfLA LIBERTAD NOS SACA DE LA POBREZA?"},"content":{"rendered":"\t\t<div data-elementor-type=\"wp-post\" data-elementor-id=\"15688\" class=\"elementor elementor-15688\">\n\t\t\t\t\t\t<section class=\"elementor-section elementor-top-section elementor-element elementor-element-7e10d91d elementor-section-boxed elementor-section-height-default elementor-section-height-default\" data-id=\"7e10d91d\" data-element_type=\"section\" data-e-type=\"section\">\n\t\t\t\t\t\t<div class=\"elementor-container elementor-column-gap-default\">\n\t\t\t\t\t<div class=\"elementor-column elementor-col-100 elementor-top-column elementor-element elementor-element-1aeeaa75\" data-id=\"1aeeaa75\" data-element_type=\"column\" data-e-type=\"column\">\n\t\t\t<div class=\"elementor-widget-wrap elementor-element-populated\">\n\t\t\t\t\t\t<div class=\"elementor-element elementor-element-f751aa1 elementor-widget elementor-widget-text-editor\" data-id=\"f751aa1\" data-element_type=\"widget\" data-e-type=\"widget\" data-widget_type=\"text-editor.default\">\n\t\t\t\t<div class=\"elementor-widget-container\">\n\t\t\t\t\t\t\t\t\t\n<p>Desde que Argentina se introdujo en un marco socialista, con el pretexto de ayudar a quienes m\u00e1s necesitan, s\u00f3lo se ha logrado tener m\u00e1s pobres en el pa\u00eds. Pero ello no s\u00f3lo deriva de las pol\u00edticas err\u00f3neas, sino de la misma sociedad que fue (y es) c\u00f3mplice de tanto adoctrinamiento, empresarios prebendarios y sindicalistas que s\u00f3lo se preocupan por sus propios intereses (aprovech\u00e1ndose de sus empleados).<\/p>\n\n\n\n<p>Sin embargo, nadie se ha preguntado \u00bfY la libertad de ense\u00f1ar, de aprender, de comerciar, de publicar ideas por la prensa sin censura previa, de usar y disponer de su propiedad, y de trabajar? Y no estoy siendo imaginario, esto claramente lo encontramos en el art\u00edculo 14 de nuestra Constituci\u00f3n Nacional, \u00a1nuestra norma fundamental para vivir en armon\u00eda!<\/p>\n\n\n\n<p>Por lo tanto, deber\u00edamos plantearnos estas y otras tantas preguntas referidas a esa (tan olvidada) libertad.<\/p>\n\n\n\n<p>Como primer punto, recordemos que el liberalismo es \u201cel respeto irrestricto del proyecto de vida del pr\u00f3jimo\u201d, basado en el principio de \u201cno agresi\u00f3n\u201d. De este modo, podemos deducir que la libertad misma consiste en \u201cno limitar\u201d los derechos de los dem\u00e1s.<\/p>\n\n\n\n<p>Asimismo, en el \u00e1mbito empresarial, cuando hablamos de libertad, no nos referimos a injusticia social, opresi\u00f3n ni explotaci\u00f3n (como tanto se habla, s\u00f3lo porque un pol\u00edtico lo dice). Contrariamente, la libertad empresarial alude a: \u00e9tica, honestidad, valores morales, actos libres y no forzados. Es decir, el buen empresario (no el prebendario, amigo de la casta pol\u00edtica) implora por ampliar sus beneficios, mejorar la vida de sus empleados, y brindar servicios de mejor calidad a un mejor precio.<\/p>\n\n\n\n<p>Incluso, esto lo podemos observar en aquellos pa\u00edses m\u00e1s desarrollados, cuya organizaci\u00f3n social se apoya en las libertades de los individuos, la responsabilidad personal frente a sus actos, sin esperar nada del Estado y su \u201cproteccionismo\u201d. Y es as\u00ed como verdaderamente prosperan.<\/p>\n\n\n\n<p>Por otra parte, en el campo de la econom\u00eda, la intervenci\u00f3n estatal s\u00f3lo ha provocado pobreza, desidia y menor riqueza para la sociedad. Esto f\u00e1cilmente se puede comparar con otros pa\u00edses que poseen mayor libertad econ\u00f3mica, y que con el tiempo fueron mejorando su econom\u00eda y aumentando su PBI per c\u00e1pita. \u00bfEjemplos? Singapur, Suiza, Irlanda, Australia, Nueva Zelanda.<\/p>\n\n\n\n<p>Aqu\u00ed, el punto es claro: la intervenci\u00f3n estatal y su control s\u00f3lo empeoran la productividad, denotan mayor burocracia, m\u00e1s despilfarro de dinero y de recursos que la propia ciudadan\u00eda se ve forzada a \u201caportar\u201d. No podemos obviar en este tema los (tantos e innecesarios) impuestos, que s\u00f3lo da\u00f1an a la poblaci\u00f3n, llev\u00e1ndola a la pobreza, e impidiendo que cree riqueza en libertad.<\/p>\n\n\n\n<p>En este sentido, la historia demuestra que Argentina fue unos de los pa\u00edses m\u00e1s ricos en 1895, cuando se aplicaban los ideales del gran (y tan olvidado) Juan Bautista Alberdi. \u00bfLo sab\u00edas?<\/p>\n\n\n\n<p>Lamentablemente en la actualidad se han dejado de lado esos valores, somos una sociedad dividida, adoctrinada, que no tiene pensamiento cr\u00edtico y no se anima a cuestionar lo que decide la casta pol\u00edtica.<\/p>\n\n\n\n<p>Sin embargo, esto puede cambiar realmente. Verdaderamente podemos regresar a esos ideales que promulg\u00f3 Alberdi, con un tinte liberal, de riqueza para el pa\u00eds, y para que la sociedad misma salga de la pobreza.<\/p>\n\n\n\n<p>Los puntos son claros: s\u00f3lo basta leer nuestra Constituci\u00f3n Nacional, \u00a1la misma que proyect\u00f3 el mism\u00edsimo Alberdi! \u00bfTampoco sab\u00edas esto?<\/p>\n\n\n\n<p>En el campo de la educaci\u00f3n, es menester la libertad para ense\u00f1ar, sin \u201cbajadas de l\u00ednea\u201d, promoviendo el respeto por los derechos de los individuos y recalcando los deberes que tenemos como ciudadanos.<\/p>\n\n\n\n<p>En el \u00e1mbito gubernamental, hay mucho por hacer. Desde reducir el aparato estatal al m\u00ednimo necesario, eliminando los tr\u00e1mites burocr\u00e1ticos, cerrando dependencias innecesarias, hasta, incluso, analizar la calidad de prestaci\u00f3n de los \u201cservicios p\u00fablicos\u201d. Aqu\u00ed, quiero ser claro: esto no significa que habr\u00e1 desempleo y pobreza, sino todo lo contrario. Al permitir que la iniciativa privada aumente, habr\u00e1n m\u00e1s trabajadores, mayor productividad, mejores salarios, y mejores servicios a mejores precios. A tal punto que, con una mejor econom\u00eda, las familias saldr\u00e1n de la pobreza, podr\u00e1n ahorrar (al disminuir impuestos) y vivir mejor.<\/p>\n\n\n\n<p>En conclusi\u00f3n, la libertad ayuda a salir de la pobreza. Pero para ello, debemos cambiar muchas cosas, volver a los ideales de Alberdi, pensar a largo plazo (no solamente a 4 a\u00f1os electorales), respetar la vida, la propiedad y la libertad, dejar de lado tanto adoctrinamiento en el \u00e1mbito educativo, aplicar la ley de manera igualitaria para todos (art. 16 CN), y creer verdaderamente que el liberalismo (no el tan nombrado \u201cneoliberalismo\u201d por la casta pol\u00edtica) puede hacer de Argentina un pa\u00eds mejor.<\/p>\n\n\n\n<p><em>Braian Sosa. Abogado.<\/em><\/p>\n\t\t\t\t\t\t\t\t<\/div>\n\t\t\t\t<\/div>\n\t\t\t\t\t<\/div>\n\t\t<\/div>\n\t\t\t\t\t<\/div>\n\t\t<\/section>\n\t\t\t\t<\/div>\n\t\t<div class=\"fb-background-color\">\n\t\t\t  <div \n\t\t\t  \tclass = \"fb-comments\" \n\t\t\t  \tdata-href = \"https:\/\/www.elpolitologoyelpolitico.com.ar\/wordpress\/2022\/02\/05\/la-libertad-nos-saca-de-la-pobreza\/\"\n\t\t\t  \tdata-numposts = \"10\"\n\t\t\t  \tdata-lazy = \"true\"\n\t\t\t\tdata-colorscheme = \"light\"\n\t\t\t\tdata-order-by = \"social\"\n\t\t\t\tdata-mobile=true>\n\t\t\t  <\/div><\/div>\n\t\t  <style>\n\t\t    .fb-background-color {\n\t\t\t\tbackground: #ffffff !important;\n\t\t\t}\n\t\t\t.fb_iframe_widget_fluid_desktop iframe {\n\t\t\t    width: 100% !important;\n\t\t\t}\n\t\t  <\/style>\n\t\t  ","protected":false},"excerpt":{"rendered":"<p>Desde que Argentina se introdujo en un marco socialista, con el pretexto de ayudar a quienes m\u00e1s necesitan, s\u00f3lo se ha logrado tener m\u00e1s pobres en el pa\u00eds. Pero ello no s\u00f3lo deriva de las pol\u00edticas err\u00f3neas, sino de la misma sociedad que fue (y es) c\u00f3mplice de tanto adoctrinamiento, empresarios prebendarios y sindicalistas que [&hellip;]<\/p>\n","protected":false},"author":4,"featured_media":15689,"comment_status":"closed","ping_status":"closed","sticky":false,"template":"","format":"standard","meta":{"_joinchat":[],"footnotes":""},"categories":[39],"tags":[],"class_list":["post-15688","post","type-post","status-publish","format-standard","has-post-thumbnail","hentry","category-en-esta-seccion"],"_links":{"self":[{"href":"https:\/\/www.elpolitologoyelpolitico.com.ar\/wordpress\/wp-json\/wp\/v2\/posts\/15688","targetHints":{"allow":["GET"]}}],"collection":[{"href":"https:\/\/www.elpolitologoyelpolitico.com.ar\/wordpress\/wp-json\/wp\/v2\/posts"}],"about":[{"href":"https:\/\/www.elpolitologoyelpolitico.com.ar\/wordpress\/wp-json\/wp\/v2\/types\/post"}],"author":[{"embeddable":true,"href":"https:\/\/www.elpolitologoyelpolitico.com.ar\/wordpress\/wp-json\/wp\/v2\/users\/4"}],"replies":[{"embeddable":true,"href":"https:\/\/www.elpolitologoyelpolitico.com.ar\/wordpress\/wp-json\/wp\/v2\/comments?post=15688"}],"version-history":[{"count":0,"href":"https:\/\/www.elpolitologoyelpolitico.com.ar\/wordpress\/wp-json\/wp\/v2\/posts\/15688\/revisions"}],"wp:featuredmedia":[{"embeddable":true,"href":"https:\/\/www.elpolitologoyelpolitico.com.ar\/wordpress\/wp-json\/wp\/v2\/media\/15689"}],"wp:attachment":[{"href":"https:\/\/www.elpolitologoyelpolitico.com.ar\/wordpress\/wp-json\/wp\/v2\/media?parent=15688"}],"wp:term":[{"taxonomy":"category","embeddable":true,"href":"https:\/\/www.elpolitologoyelpolitico.com.ar\/wordpress\/wp-json\/wp\/v2\/categories?post=15688"},{"taxonomy":"post_tag","embeddable":true,"href":"https:\/\/www.elpolitologoyelpolitico.com.ar\/wordpress\/wp-json\/wp\/v2\/tags?post=15688"}],"curies":[{"name":"wp","href":"https:\/\/api.w.org\/{rel}","templated":true}]}}