{"id":15672,"date":"2022-02-05T00:40:37","date_gmt":"2022-02-05T00:40:37","guid":{"rendered":"https:\/\/www.elpolitologoyelpolitico.com.ar\/wordpress\/?p=15672"},"modified":"2022-02-05T00:41:06","modified_gmt":"2022-02-05T00:41:06","slug":"caravana-turistica-vehicular-hacia-el-balneario-los-pocitos","status":"publish","type":"post","link":"https:\/\/www.elpolitologoyelpolitico.com.ar\/wordpress\/2022\/02\/05\/caravana-turistica-vehicular-hacia-el-balneario-los-pocitos\/","title":{"rendered":"CARAVANA TURISTICA VEHICULAR HACIA EL BALNEARIO LOS POCITOS."},"content":{"rendered":"\t\t<div data-elementor-type=\"wp-post\" data-elementor-id=\"15672\" class=\"elementor elementor-15672\">\n\t\t\t\t\t\t<section class=\"elementor-section elementor-top-section elementor-element elementor-element-432f58e9 elementor-section-boxed elementor-section-height-default elementor-section-height-default\" data-id=\"432f58e9\" data-element_type=\"section\" data-e-type=\"section\">\n\t\t\t\t\t\t<div class=\"elementor-container elementor-column-gap-default\">\n\t\t\t\t\t<div class=\"elementor-column elementor-col-100 elementor-top-column elementor-element elementor-element-374fbffb\" data-id=\"374fbffb\" data-element_type=\"column\" data-e-type=\"column\">\n\t\t\t<div class=\"elementor-widget-wrap elementor-element-populated\">\n\t\t\t\t\t\t<div class=\"elementor-element elementor-element-1d9797d9 elementor-widget elementor-widget-text-editor\" data-id=\"1d9797d9\" data-element_type=\"widget\" data-e-type=\"widget\" data-widget_type=\"text-editor.default\">\n\t\t\t\t<div class=\"elementor-widget-container\">\n\t\t\t\t\t\t\t\t\t\n<p>El d\u00eda s\u00e1bado 12 de febrero se saldr\u00e1 desde Carmen de Patagones a las 8:00 hs y desde Bah\u00eda San Blas a las 8:30 hs. Llegando al Balneario Los Pocitos a las 9:30 hs, se dar\u00e1 una bienvenida y una convocatoria a un concurso de fotograf\u00eda.<\/p>\n\n\n\n<p>Tambi\u00e9n realizaremos las siguientes actividades:<\/p>\n\n\n\n<p>\u2022 Avistaje de aves.<\/p>\n\n\n\n<p>\u2022 Visitaremos el muelle de los pescadores.<\/p>\n\n\n\n<p>\u2022 Realizaremos plantaciones de \u00e1rboles (instancia ecol\u00f3gica)<\/p>\n\n\n\n<p>\u2022 Visita y recorrido por la plantaci\u00f3n de olivos.<\/p>\n\n\n\n<p>\u2022 Visita&nbsp; a la planta de Ostras, acompa\u00f1ado por una charla y degustaci\u00f3n<\/p>\n\n\n\n<p>\u2022 Momento recreativo acompa\u00f1ados por la Direcci\u00f3n de Deportes<\/p>\n\n\n\n<p>La actividad finalizara aproximadamente a las 16:30 hs, regresando a Bah\u00eda San Blas a las 17:00 hs y a Carmen de Patagones a las 17:30 hs.<\/p>\n\t\t\t\t\t\t\t\t<\/div>\n\t\t\t\t<\/div>\n\t\t\t\t\t<\/div>\n\t\t<\/div>\n\t\t\t\t\t<\/div>\n\t\t<\/section>\n\t\t\t\t<\/div>\n\t\t<div class=\"fb-background-color\">\n\t\t\t  <div \n\t\t\t  \tclass = \"fb-comments\" \n\t\t\t  \tdata-href = \"https:\/\/www.elpolitologoyelpolitico.com.ar\/wordpress\/2022\/02\/05\/caravana-turistica-vehicular-hacia-el-balneario-los-pocitos\/\"\n\t\t\t  \tdata-numposts = \"10\"\n\t\t\t  \tdata-lazy = \"true\"\n\t\t\t\tdata-colorscheme = \"light\"\n\t\t\t\tdata-order-by = \"social\"\n\t\t\t\tdata-mobile=true>\n\t\t\t  <\/div><\/div>\n\t\t  <style>\n\t\t    .fb-background-color {\n\t\t\t\tbackground: #ffffff !important;\n\t\t\t}\n\t\t\t.fb_iframe_widget_fluid_desktop iframe {\n\t\t\t    width: 100% !important;\n\t\t\t}\n\t\t  <\/style>\n\t\t  ","protected":false},"excerpt":{"rendered":"<p>El d\u00eda s\u00e1bado 12 de febrero se saldr\u00e1 desde Carmen de Patagones a las 8:00 hs y desde Bah\u00eda San Blas a las 8:30 hs. Llegando al Balneario Los Pocitos a las 9:30 hs, se dar\u00e1 una bienvenida y una convocatoria a un concurso de fotograf\u00eda. Tambi\u00e9n realizaremos las siguientes actividades: \u2022 Avistaje de aves. [&hellip;]<\/p>\n","protected":false},"author":4,"featured_media":15677,"comment_status":"closed","ping_status":"closed","sticky":false,"template":"","format":"standard","meta":{"_joinchat":[],"footnotes":""},"categories":[39],"tags":[],"class_list":["post-15672","post","type-post","status-publish","format-standard","has-post-thumbnail","hentry","category-en-esta-seccion"],"_links":{"self":[{"href":"https:\/\/www.elpolitologoyelpolitico.com.ar\/wordpress\/wp-json\/wp\/v2\/posts\/15672","targetHints":{"allow":["GET"]}}],"collection":[{"href":"https:\/\/www.elpolitologoyelpolitico.com.ar\/wordpress\/wp-json\/wp\/v2\/posts"}],"about":[{"href":"https:\/\/www.elpolitologoyelpolitico.com.ar\/wordpress\/wp-json\/wp\/v2\/types\/post"}],"author":[{"embeddable":true,"href":"https:\/\/www.elpolitologoyelpolitico.com.ar\/wordpress\/wp-json\/wp\/v2\/users\/4"}],"replies":[{"embeddable":true,"href":"https:\/\/www.elpolitologoyelpolitico.com.ar\/wordpress\/wp-json\/wp\/v2\/comments?post=15672"}],"version-history":[{"count":0,"href":"https:\/\/www.elpolitologoyelpolitico.com.ar\/wordpress\/wp-json\/wp\/v2\/posts\/15672\/revisions"}],"wp:featuredmedia":[{"embeddable":true,"href":"https:\/\/www.elpolitologoyelpolitico.com.ar\/wordpress\/wp-json\/wp\/v2\/media\/15677"}],"wp:attachment":[{"href":"https:\/\/www.elpolitologoyelpolitico.com.ar\/wordpress\/wp-json\/wp\/v2\/media?parent=15672"}],"wp:term":[{"taxonomy":"category","embeddable":true,"href":"https:\/\/www.elpolitologoyelpolitico.com.ar\/wordpress\/wp-json\/wp\/v2\/categories?post=15672"},{"taxonomy":"post_tag","embeddable":true,"href":"https:\/\/www.elpolitologoyelpolitico.com.ar\/wordpress\/wp-json\/wp\/v2\/tags?post=15672"}],"curies":[{"name":"wp","href":"https:\/\/api.w.org\/{rel}","templated":true}]}}