{"id":15643,"date":"2022-02-04T14:13:08","date_gmt":"2022-02-04T14:13:08","guid":{"rendered":"https:\/\/www.elpolitologoyelpolitico.com.ar\/wordpress\/?p=15643"},"modified":"2022-02-04T14:13:35","modified_gmt":"2022-02-04T14:13:35","slug":"patagones-55-casos-positivos-de-covid-y-un-fallecido","status":"publish","type":"post","link":"https:\/\/www.elpolitologoyelpolitico.com.ar\/wordpress\/2022\/02\/04\/patagones-55-casos-positivos-de-covid-y-un-fallecido\/","title":{"rendered":"PATAGONES: 55 CASOS POSITIVOS DE COVID Y UN FALLECIDO"},"content":{"rendered":"\t\t<div data-elementor-type=\"wp-post\" data-elementor-id=\"15643\" class=\"elementor elementor-15643\">\n\t\t\t\t\t\t<section class=\"elementor-section elementor-top-section elementor-element elementor-element-c98c9d8 elementor-section-boxed elementor-section-height-default elementor-section-height-default\" data-id=\"c98c9d8\" data-element_type=\"section\" data-e-type=\"section\">\n\t\t\t\t\t\t<div class=\"elementor-container elementor-column-gap-default\">\n\t\t\t\t\t<div class=\"elementor-column elementor-col-100 elementor-top-column elementor-element elementor-element-ae46f4d\" data-id=\"ae46f4d\" data-element_type=\"column\" data-e-type=\"column\">\n\t\t\t<div class=\"elementor-widget-wrap elementor-element-populated\">\n\t\t\t\t\t\t<div class=\"elementor-element elementor-element-6ba47158 elementor-widget elementor-widget-text-editor\" data-id=\"6ba47158\" data-element_type=\"widget\" data-e-type=\"widget\" data-widget_type=\"text-editor.default\">\n\t\t\t\t<div class=\"elementor-widget-container\">\n\t\t\t\t\t\t\t\t\t\n<p>La Secretar\u00eda de Salud de Patagones, inform\u00f3 que este jueves se registraron 55 casos positivos de COVID.<\/p>\n\n\n\n<p>Adem\u00e1s, se sumaron 19 estudios a la cifra de resultados negativos, se otorgaron 79 altas y se produjo un deceso.<\/p>\n\n\n\n<p>De esta manera, son 597 los casos positivos activos en todo el Distrito.<\/p>\n\n\n\n<p>Los estudios negativos suman 9023, el n\u00famero de recuperados asciende a 7244 y suman 146 los fallecidos, desde el inicio de la pandemia.<\/p>\n\n\n\n<p>En este marco, se recomienda a la comunidad continuar con el uso del cubrebocas -en espacios cerrados-, y con el uso permanente de alcohol en gel y la constante higiene de las manos.<\/p>\n\n\n\n<figure class=\"wp-block-image size-full\"><img fetchpriority=\"high\" decoding=\"async\" width=\"720\" height=\"720\" src=\"https:\/\/www.elpolitologoyelpolitico.com.ar\/wp-content\/uploads\/2022\/02\/WhatsApp-Image-2022-02-04-at-11.01.34-AM.jpeg\" alt=\"\" class=\"wp-image-15644\" srcset=\"https:\/\/www.elpolitologoyelpolitico.com.ar\/wp-content\/uploads\/2022\/02\/WhatsApp-Image-2022-02-04-at-11.01.34-AM.jpeg 720w, https:\/\/www.elpolitologoyelpolitico.com.ar\/wp-content\/uploads\/2022\/02\/WhatsApp-Image-2022-02-04-at-11.01.34-AM-300x300.jpeg 300w, https:\/\/www.elpolitologoyelpolitico.com.ar\/wp-content\/uploads\/2022\/02\/WhatsApp-Image-2022-02-04-at-11.01.34-AM-150x150.jpeg 150w\" sizes=\"(max-width: 720px) 100vw, 720px\" \/><\/figure>\n\t\t\t\t\t\t\t\t<\/div>\n\t\t\t\t<\/div>\n\t\t\t\t\t<\/div>\n\t\t<\/div>\n\t\t\t\t\t<\/div>\n\t\t<\/section>\n\t\t\t\t<\/div>\n\t\t<div class=\"fb-background-color\">\n\t\t\t  <div \n\t\t\t  \tclass = \"fb-comments\" \n\t\t\t  \tdata-href = \"https:\/\/www.elpolitologoyelpolitico.com.ar\/wordpress\/2022\/02\/04\/patagones-55-casos-positivos-de-covid-y-un-fallecido\/\"\n\t\t\t  \tdata-numposts = \"10\"\n\t\t\t  \tdata-lazy = \"true\"\n\t\t\t\tdata-colorscheme = \"light\"\n\t\t\t\tdata-order-by = \"social\"\n\t\t\t\tdata-mobile=true>\n\t\t\t  <\/div><\/div>\n\t\t  <style>\n\t\t    .fb-background-color {\n\t\t\t\tbackground: #ffffff !important;\n\t\t\t}\n\t\t\t.fb_iframe_widget_fluid_desktop iframe {\n\t\t\t    width: 100% !important;\n\t\t\t}\n\t\t  <\/style>\n\t\t  ","protected":false},"excerpt":{"rendered":"<p>La Secretar\u00eda de Salud de Patagones, inform\u00f3 que este jueves se registraron 55 casos positivos de COVID. Adem\u00e1s, se sumaron 19 estudios a la cifra de resultados negativos, se otorgaron 79 altas y se produjo un deceso. De esta manera, son 597 los casos positivos activos en todo el Distrito. Los estudios negativos suman 9023, [&hellip;]<\/p>\n","protected":false},"author":4,"featured_media":15645,"comment_status":"closed","ping_status":"closed","sticky":false,"template":"","format":"standard","meta":{"_joinchat":[],"footnotes":""},"categories":[39],"tags":[],"class_list":["post-15643","post","type-post","status-publish","format-standard","has-post-thumbnail","hentry","category-en-esta-seccion"],"_links":{"self":[{"href":"https:\/\/www.elpolitologoyelpolitico.com.ar\/wordpress\/wp-json\/wp\/v2\/posts\/15643","targetHints":{"allow":["GET"]}}],"collection":[{"href":"https:\/\/www.elpolitologoyelpolitico.com.ar\/wordpress\/wp-json\/wp\/v2\/posts"}],"about":[{"href":"https:\/\/www.elpolitologoyelpolitico.com.ar\/wordpress\/wp-json\/wp\/v2\/types\/post"}],"author":[{"embeddable":true,"href":"https:\/\/www.elpolitologoyelpolitico.com.ar\/wordpress\/wp-json\/wp\/v2\/users\/4"}],"replies":[{"embeddable":true,"href":"https:\/\/www.elpolitologoyelpolitico.com.ar\/wordpress\/wp-json\/wp\/v2\/comments?post=15643"}],"version-history":[{"count":0,"href":"https:\/\/www.elpolitologoyelpolitico.com.ar\/wordpress\/wp-json\/wp\/v2\/posts\/15643\/revisions"}],"wp:featuredmedia":[{"embeddable":true,"href":"https:\/\/www.elpolitologoyelpolitico.com.ar\/wordpress\/wp-json\/wp\/v2\/media\/15645"}],"wp:attachment":[{"href":"https:\/\/www.elpolitologoyelpolitico.com.ar\/wordpress\/wp-json\/wp\/v2\/media?parent=15643"}],"wp:term":[{"taxonomy":"category","embeddable":true,"href":"https:\/\/www.elpolitologoyelpolitico.com.ar\/wordpress\/wp-json\/wp\/v2\/categories?post=15643"},{"taxonomy":"post_tag","embeddable":true,"href":"https:\/\/www.elpolitologoyelpolitico.com.ar\/wordpress\/wp-json\/wp\/v2\/tags?post=15643"}],"curies":[{"name":"wp","href":"https:\/\/api.w.org\/{rel}","templated":true}]}}