{"id":15623,"date":"2022-02-03T20:20:36","date_gmt":"2022-02-03T20:20:36","guid":{"rendered":"https:\/\/www.elpolitologoyelpolitico.com.ar\/wordpress\/?p=15623"},"modified":"2022-02-03T20:20:56","modified_gmt":"2022-02-03T20:20:56","slug":"rio-negro-sera-sede-de-la-primera-carrera-de-mujeres-en-la-historia-del-automovilismo-nacional","status":"publish","type":"post","link":"https:\/\/www.elpolitologoyelpolitico.com.ar\/wordpress\/2022\/02\/03\/rio-negro-sera-sede-de-la-primera-carrera-de-mujeres-en-la-historia-del-automovilismo-nacional\/","title":{"rendered":"R\u00cdO NEGRO SER\u00c1 SEDE DE LA PRIMERA CARRERA DE MUJERES EN LA HISTORIA DEL AUTOMOVILISMO NACIONAL"},"content":{"rendered":"\t\t<div data-elementor-type=\"wp-post\" data-elementor-id=\"15623\" class=\"elementor elementor-15623\">\n\t\t\t\t\t\t<section class=\"elementor-section elementor-top-section elementor-element elementor-element-7b2f9076 elementor-section-boxed elementor-section-height-default elementor-section-height-default\" data-id=\"7b2f9076\" data-element_type=\"section\" data-e-type=\"section\">\n\t\t\t\t\t\t<div class=\"elementor-container elementor-column-gap-default\">\n\t\t\t\t\t<div class=\"elementor-column elementor-col-100 elementor-top-column elementor-element elementor-element-3caa4fe5\" data-id=\"3caa4fe5\" data-element_type=\"column\" data-e-type=\"column\">\n\t\t\t<div class=\"elementor-widget-wrap elementor-element-populated\">\n\t\t\t\t\t\t<div class=\"elementor-element elementor-element-59c55c36 elementor-widget elementor-widget-text-editor\" data-id=\"59c55c36\" data-element_type=\"widget\" data-e-type=\"widget\" data-widget_type=\"text-editor.default\">\n\t\t\t\t<div class=\"elementor-widget-container\">\n\t\t\t\t\t\t\t\t\t\n<p>La Gobernadora, Arabela Carreras, encabez\u00f3 la presentaci\u00f3n oficial de la Copa \u201cGobierno de R\u00edo Negro\u201d de la categor\u00eda Bora, la primera carrera de la historia del automovilismo nacional que reunir\u00e1 solo a mujeres pilotas de todo el pa\u00eds.<\/p>\n\n\n\n<p>La competencia se desarrollar\u00e1 el domingo 13 de febrero en el Aut\u00f3dromo de Viedma, en el marco de la llegada del Turismo Carretera a la ciudad.<\/p>\n\n\n\n<p>En la Ciudad de Buenos Aires, la Gobernadora encabez\u00f3 la presentaci\u00f3n acompa\u00f1ada por el presidente de la categor\u00eda, Aldo Morello y la pilota barilochense Aixa Franke, de amplia trayectoria en el automovilismo argentino.<\/p>\n\n\n\n<p>La llegada de esta competencia a R\u00edo Negro forma parte de las gestiones realizadas por la Gobernadora Carreras desde octubre del a\u00f1o pasado, cuando se comenz\u00f3 a analizar la posibilidad de realizar una carrera exclusivamente de mujeres.<\/p>\n\n\n\n<p>\u201cPilotas mujeres de todo el pa\u00eds van a venir a nuestra capital a compartir esta categor\u00eda. Es un paso m\u00e1s hacia un deporte m\u00e1s igualitario. Con esta decisi\u00f3n, estamos cambiando el paradigma de esta competencia, donde siempre mayoritariamente son los hombres quienes pilotean los veh\u00edculos\u201d, resalt\u00f3 la Gobernadora.<\/p>\n\n\n\n<p>La pilota barilochense no ocult\u00f3 su felicidad al destacar la importancia de esta propuesta y agradeci\u00f3 a la Gobernadora por \u201cponerse al hombro esta decisi\u00f3n de acortar la brecha de g\u00e9nero dentro del deporte, en este caso m\u00e1s espec\u00edficamente dentro del automovilismo\u201d.<\/p>\n\n\n\n<p>Franke confirm\u00f3 que es \u201cla primera vez en la historia que se da una carrera con este porcentaje de mujeres\u201d y manifest\u00f3 estar \u201cmuy contenta y orgullosa\u201d de que sea R\u00edo Negro la provincia que aloje esta competencia.<\/p>\n\n\n\n<p>Morelo coincidi\u00f3 al remarcar la importancia de la iniciativa: \u201cEstamos felices de que nos hayan elegido para ser part\u00edcipes de esta carrera, estamos trabajando en todos los detalles para que todas las pilotas se sientan c\u00f3modas y de la mejor manera\u201d.<\/p>\n\n\n\n<p>\u201cOjal\u00e1 sea la primera de muchas carreras. Esta decisi\u00f3n de la Gobernadora Carreras ha tenido mucha repercusi\u00f3n y esperamos que el automovilismo se vuelva a nutrir de mujeres para que ocupen el lugar que se merecen\u201d, sostuvo.<\/p>\n\n\n\n<figure class=\"wp-block-gallery columns-2 is-cropped wp-block-gallery-2 is-layout-flex wp-block-gallery-is-layout-flex\"><ul class=\"blocks-gallery-grid\"><li class=\"blocks-gallery-item\"><figure><img fetchpriority=\"high\" decoding=\"async\" width=\"1024\" height=\"605\" src=\"https:\/\/www.elpolitologoyelpolitico.com.ar\/wp-content\/uploads\/2022\/02\/WhatsApp-Image-2022-02-03-at-15.35.25-1-1024x605.jpeg\" alt=\"\" data-id=\"15625\" data-full-url=\"https:\/\/www.elpolitologoyelpolitico.com.ar\/wp-content\/uploads\/2022\/02\/WhatsApp-Image-2022-02-03-at-15.35.25-1.jpeg\" data-link=\"https:\/\/www.elpolitologoyelpolitico.com.ar\/wordpress\/?attachment_id=15625\" class=\"wp-image-15625\" srcset=\"https:\/\/www.elpolitologoyelpolitico.com.ar\/wp-content\/uploads\/2022\/02\/WhatsApp-Image-2022-02-03-at-15.35.25-1-1024x605.jpeg 1024w, https:\/\/www.elpolitologoyelpolitico.com.ar\/wp-content\/uploads\/2022\/02\/WhatsApp-Image-2022-02-03-at-15.35.25-1-300x177.jpeg 300w, https:\/\/www.elpolitologoyelpolitico.com.ar\/wp-content\/uploads\/2022\/02\/WhatsApp-Image-2022-02-03-at-15.35.25-1-768x454.jpeg 768w, https:\/\/www.elpolitologoyelpolitico.com.ar\/wp-content\/uploads\/2022\/02\/WhatsApp-Image-2022-02-03-at-15.35.25-1.jpeg 1280w\" sizes=\"(max-width: 1024px) 100vw, 1024px\" \/><\/figure><\/li><li class=\"blocks-gallery-item\"><figure><img decoding=\"async\" width=\"1024\" height=\"682\" src=\"https:\/\/www.elpolitologoyelpolitico.com.ar\/wp-content\/uploads\/2022\/02\/WhatsApp-Image-2022-02-03-at-15.35.25-1024x682.jpeg\" alt=\"\" data-id=\"15626\" data-full-url=\"https:\/\/www.elpolitologoyelpolitico.com.ar\/wp-content\/uploads\/2022\/02\/WhatsApp-Image-2022-02-03-at-15.35.25.jpeg\" data-link=\"https:\/\/www.elpolitologoyelpolitico.com.ar\/wordpress\/?attachment_id=15626\" class=\"wp-image-15626\" srcset=\"https:\/\/www.elpolitologoyelpolitico.com.ar\/wp-content\/uploads\/2022\/02\/WhatsApp-Image-2022-02-03-at-15.35.25-1024x682.jpeg 1024w, https:\/\/www.elpolitologoyelpolitico.com.ar\/wp-content\/uploads\/2022\/02\/WhatsApp-Image-2022-02-03-at-15.35.25-300x200.jpeg 300w, https:\/\/www.elpolitologoyelpolitico.com.ar\/wp-content\/uploads\/2022\/02\/WhatsApp-Image-2022-02-03-at-15.35.25-768x512.jpeg 768w, https:\/\/www.elpolitologoyelpolitico.com.ar\/wp-content\/uploads\/2022\/02\/WhatsApp-Image-2022-02-03-at-15.35.25.jpeg 1280w\" sizes=\"(max-width: 1024px) 100vw, 1024px\" \/><\/figure><\/li><\/ul><\/figure>\n\t\t\t\t\t\t\t\t<\/div>\n\t\t\t\t<\/div>\n\t\t\t\t\t<\/div>\n\t\t<\/div>\n\t\t\t\t\t<\/div>\n\t\t<\/section>\n\t\t\t\t<\/div>\n\t\t<div class=\"fb-background-color\">\n\t\t\t  <div \n\t\t\t  \tclass = \"fb-comments\" \n\t\t\t  \tdata-href = \"https:\/\/www.elpolitologoyelpolitico.com.ar\/wordpress\/2022\/02\/03\/rio-negro-sera-sede-de-la-primera-carrera-de-mujeres-en-la-historia-del-automovilismo-nacional\/\"\n\t\t\t  \tdata-numposts = \"10\"\n\t\t\t  \tdata-lazy = \"true\"\n\t\t\t\tdata-colorscheme = \"light\"\n\t\t\t\tdata-order-by = \"social\"\n\t\t\t\tdata-mobile=true>\n\t\t\t  <\/div><\/div>\n\t\t  <style>\n\t\t    .fb-background-color {\n\t\t\t\tbackground: #ffffff !important;\n\t\t\t}\n\t\t\t.fb_iframe_widget_fluid_desktop iframe {\n\t\t\t    width: 100% !important;\n\t\t\t}\n\t\t  <\/style>\n\t\t  ","protected":false},"excerpt":{"rendered":"<p>La Gobernadora, Arabela Carreras, encabez\u00f3 la presentaci\u00f3n oficial de la Copa \u201cGobierno de R\u00edo Negro\u201d de la categor\u00eda Bora, la primera carrera de la historia del automovilismo nacional que reunir\u00e1 solo a mujeres pilotas de todo el pa\u00eds. La competencia se desarrollar\u00e1 el domingo 13 de febrero en el Aut\u00f3dromo de Viedma, en el marco [&hellip;]<\/p>\n","protected":false},"author":4,"featured_media":15624,"comment_status":"closed","ping_status":"closed","sticky":false,"template":"","format":"standard","meta":{"_joinchat":[],"footnotes":""},"categories":[39],"tags":[],"class_list":["post-15623","post","type-post","status-publish","format-standard","has-post-thumbnail","hentry","category-en-esta-seccion"],"_links":{"self":[{"href":"https:\/\/www.elpolitologoyelpolitico.com.ar\/wordpress\/wp-json\/wp\/v2\/posts\/15623","targetHints":{"allow":["GET"]}}],"collection":[{"href":"https:\/\/www.elpolitologoyelpolitico.com.ar\/wordpress\/wp-json\/wp\/v2\/posts"}],"about":[{"href":"https:\/\/www.elpolitologoyelpolitico.com.ar\/wordpress\/wp-json\/wp\/v2\/types\/post"}],"author":[{"embeddable":true,"href":"https:\/\/www.elpolitologoyelpolitico.com.ar\/wordpress\/wp-json\/wp\/v2\/users\/4"}],"replies":[{"embeddable":true,"href":"https:\/\/www.elpolitologoyelpolitico.com.ar\/wordpress\/wp-json\/wp\/v2\/comments?post=15623"}],"version-history":[{"count":0,"href":"https:\/\/www.elpolitologoyelpolitico.com.ar\/wordpress\/wp-json\/wp\/v2\/posts\/15623\/revisions"}],"wp:featuredmedia":[{"embeddable":true,"href":"https:\/\/www.elpolitologoyelpolitico.com.ar\/wordpress\/wp-json\/wp\/v2\/media\/15624"}],"wp:attachment":[{"href":"https:\/\/www.elpolitologoyelpolitico.com.ar\/wordpress\/wp-json\/wp\/v2\/media?parent=15623"}],"wp:term":[{"taxonomy":"category","embeddable":true,"href":"https:\/\/www.elpolitologoyelpolitico.com.ar\/wordpress\/wp-json\/wp\/v2\/categories?post=15623"},{"taxonomy":"post_tag","embeddable":true,"href":"https:\/\/www.elpolitologoyelpolitico.com.ar\/wordpress\/wp-json\/wp\/v2\/tags?post=15623"}],"curies":[{"name":"wp","href":"https:\/\/api.w.org\/{rel}","templated":true}]}}