{"id":15611,"date":"2022-02-03T20:13:54","date_gmt":"2022-02-03T20:13:54","guid":{"rendered":"https:\/\/www.elpolitologoyelpolitico.com.ar\/wordpress\/?p=15611"},"modified":"2022-02-03T20:14:11","modified_gmt":"2022-02-03T20:14:11","slug":"convocatoria-de-prescripcion-para-participar-de-la-fiesta-provincial-del-rio","status":"publish","type":"post","link":"https:\/\/www.elpolitologoyelpolitico.com.ar\/wordpress\/2022\/02\/03\/convocatoria-de-prescripcion-para-participar-de-la-fiesta-provincial-del-rio\/","title":{"rendered":"CONVOCATORIA DE PRESCRIPCI\u00d3N PARA PARTICIPAR DE LA FIESTA PROVINCIAL DEL R\u00cdO"},"content":{"rendered":"\t\t<div data-elementor-type=\"wp-post\" data-elementor-id=\"15611\" class=\"elementor elementor-15611\">\n\t\t\t\t\t\t<section class=\"elementor-section elementor-top-section elementor-element elementor-element-47377d32 elementor-section-boxed elementor-section-height-default elementor-section-height-default\" data-id=\"47377d32\" data-element_type=\"section\" data-e-type=\"section\">\n\t\t\t\t\t\t<div class=\"elementor-container elementor-column-gap-default\">\n\t\t\t\t\t<div class=\"elementor-column elementor-col-100 elementor-top-column elementor-element elementor-element-7435582e\" data-id=\"7435582e\" data-element_type=\"column\" data-e-type=\"column\">\n\t\t\t<div class=\"elementor-widget-wrap elementor-element-populated\">\n\t\t\t\t\t\t<div class=\"elementor-element elementor-element-78c81fce elementor-widget elementor-widget-text-editor\" data-id=\"78c81fce\" data-element_type=\"widget\" data-e-type=\"widget\" data-widget_type=\"text-editor.default\">\n\t\t\t\t<div class=\"elementor-widget-container\">\n\t\t\t\t\t\t\t\t\t\n<p>Desde ma\u00f1ana jueves 3 y hasta el 11 de febrero se abre la convocatoria a una preinscripci\u00f3n para carros gastron\u00f3micos y\/o de expendio de cerveza artesanal, productores locales y gastron\u00f3micos que deseen participar en la Fiesta Provincial del R\u00edo 2022.<\/p>\n\n\n\n<p>Esta preinscripci\u00f3n ser\u00e1 a modo de registro e informes. Aquellos que quieran hacerlo, podr\u00e1n dirigirse a la Direcci\u00f3n de Desarrollo Econ\u00f3mico, ubicada en calle Roca 146, en el horario de 9 a 12hs.<\/p>\n\n\n\n<p>La Fiesta Provincial de<a><\/a>l R\u00edo se realizar\u00e1 del 26 al 28 de febrero en el Parque Jorge Ferreira.<\/p>\n\t\t\t\t\t\t\t\t<\/div>\n\t\t\t\t<\/div>\n\t\t\t\t\t<\/div>\n\t\t<\/div>\n\t\t\t\t\t<\/div>\n\t\t<\/section>\n\t\t\t\t<\/div>\n\t\t<div class=\"fb-background-color\">\n\t\t\t  <div \n\t\t\t  \tclass = \"fb-comments\" \n\t\t\t  \tdata-href = \"https:\/\/www.elpolitologoyelpolitico.com.ar\/wordpress\/2022\/02\/03\/convocatoria-de-prescripcion-para-participar-de-la-fiesta-provincial-del-rio\/\"\n\t\t\t  \tdata-numposts = \"10\"\n\t\t\t  \tdata-lazy = \"true\"\n\t\t\t\tdata-colorscheme = \"light\"\n\t\t\t\tdata-order-by = \"social\"\n\t\t\t\tdata-mobile=true>\n\t\t\t  <\/div><\/div>\n\t\t  <style>\n\t\t    .fb-background-color {\n\t\t\t\tbackground: #ffffff !important;\n\t\t\t}\n\t\t\t.fb_iframe_widget_fluid_desktop iframe {\n\t\t\t    width: 100% !important;\n\t\t\t}\n\t\t  <\/style>\n\t\t  ","protected":false},"excerpt":{"rendered":"<p>Desde ma\u00f1ana jueves 3 y hasta el 11 de febrero se abre la convocatoria a una preinscripci\u00f3n para carros gastron\u00f3micos y\/o de expendio de cerveza artesanal, productores locales y gastron\u00f3micos que deseen participar en la Fiesta Provincial del R\u00edo 2022. Esta preinscripci\u00f3n ser\u00e1 a modo de registro e informes. Aquellos que quieran hacerlo, podr\u00e1n dirigirse [&hellip;]<\/p>\n","protected":false},"author":4,"featured_media":15612,"comment_status":"closed","ping_status":"closed","sticky":false,"template":"","format":"standard","meta":{"_joinchat":[],"footnotes":""},"categories":[39],"tags":[],"class_list":["post-15611","post","type-post","status-publish","format-standard","has-post-thumbnail","hentry","category-en-esta-seccion"],"_links":{"self":[{"href":"https:\/\/www.elpolitologoyelpolitico.com.ar\/wordpress\/wp-json\/wp\/v2\/posts\/15611","targetHints":{"allow":["GET"]}}],"collection":[{"href":"https:\/\/www.elpolitologoyelpolitico.com.ar\/wordpress\/wp-json\/wp\/v2\/posts"}],"about":[{"href":"https:\/\/www.elpolitologoyelpolitico.com.ar\/wordpress\/wp-json\/wp\/v2\/types\/post"}],"author":[{"embeddable":true,"href":"https:\/\/www.elpolitologoyelpolitico.com.ar\/wordpress\/wp-json\/wp\/v2\/users\/4"}],"replies":[{"embeddable":true,"href":"https:\/\/www.elpolitologoyelpolitico.com.ar\/wordpress\/wp-json\/wp\/v2\/comments?post=15611"}],"version-history":[{"count":0,"href":"https:\/\/www.elpolitologoyelpolitico.com.ar\/wordpress\/wp-json\/wp\/v2\/posts\/15611\/revisions"}],"wp:featuredmedia":[{"embeddable":true,"href":"https:\/\/www.elpolitologoyelpolitico.com.ar\/wordpress\/wp-json\/wp\/v2\/media\/15612"}],"wp:attachment":[{"href":"https:\/\/www.elpolitologoyelpolitico.com.ar\/wordpress\/wp-json\/wp\/v2\/media?parent=15611"}],"wp:term":[{"taxonomy":"category","embeddable":true,"href":"https:\/\/www.elpolitologoyelpolitico.com.ar\/wordpress\/wp-json\/wp\/v2\/categories?post=15611"},{"taxonomy":"post_tag","embeddable":true,"href":"https:\/\/www.elpolitologoyelpolitico.com.ar\/wordpress\/wp-json\/wp\/v2\/tags?post=15611"}],"curies":[{"name":"wp","href":"https:\/\/api.w.org\/{rel}","templated":true}]}}