{"id":15590,"date":"2022-02-03T18:16:17","date_gmt":"2022-02-03T18:16:17","guid":{"rendered":"https:\/\/www.elpolitologoyelpolitico.com.ar\/wordpress\/?p=15590"},"modified":"2022-02-03T18:17:07","modified_gmt":"2022-02-03T18:17:07","slug":"esta-semana-continuan-los-recitales-del-verano-cultural-y-deportivo-en-el-condor","status":"publish","type":"post","link":"https:\/\/www.elpolitologoyelpolitico.com.ar\/wordpress\/2022\/02\/03\/esta-semana-continuan-los-recitales-del-verano-cultural-y-deportivo-en-el-condor\/","title":{"rendered":"ESTA SEMANA CONTIN\u00daAN LOS RECITALES DEL VERANO CULTURAL Y DEPORTIVO EN EL C\u00d3NDOR"},"content":{"rendered":"\t\t<div data-elementor-type=\"wp-post\" data-elementor-id=\"15590\" class=\"elementor elementor-15590\">\n\t\t\t\t\t\t<section class=\"elementor-section elementor-top-section elementor-element elementor-element-7b20e1c5 elementor-section-boxed elementor-section-height-default elementor-section-height-default\" data-id=\"7b20e1c5\" data-element_type=\"section\" data-e-type=\"section\">\n\t\t\t\t\t\t<div class=\"elementor-container elementor-column-gap-default\">\n\t\t\t\t\t<div class=\"elementor-column elementor-col-100 elementor-top-column elementor-element elementor-element-3d7382e6\" data-id=\"3d7382e6\" data-element_type=\"column\" data-e-type=\"column\">\n\t\t\t<div class=\"elementor-widget-wrap elementor-element-populated\">\n\t\t\t\t\t\t<div class=\"elementor-element elementor-element-5420afb0 elementor-widget elementor-widget-text-editor\" data-id=\"5420afb0\" data-element_type=\"widget\" data-e-type=\"widget\" data-widget_type=\"text-editor.default\">\n\t\t\t\t<div class=\"elementor-widget-container\">\n\t\t\t\t\t\t\t\t\t\n<p>Con diferentes espect\u00e1culos al aire libre, el gobierno de Viedma contin\u00faa los recitales del Verano Cuidado en el nuevo anfiteatro del balneario El C\u00f3ndor. Est\u00e1 ubicado en la costanera de la villa mar\u00edtima.<\/p>\n\n\n\n<p>Los recitales se llevar\u00e1n a cabo del 4 al 6 de febrero con artistas locales y ser\u00e1n libres y gratuitos.<\/p>\n\n\n\n<p>El viernes 4 de febrero a partir de las 19hs, se presentar\u00e1 Mabel Le\u00f3n, esta cantante e int\u00e9rprete con larga trayectoria en el mundo del dos por cuatro de nuestra regi\u00f3n presenta un repertorio de grandes cl\u00e1sicos del tango,<\/p>\n\n\n\n<p>Adem\u00e1s desde las 19.30hs ser\u00e1 el turno de SoleSahueza. Esta cantante se inici\u00f3 en la m\u00fasica desde muy chica y de modo profesional desde mediados del 2015. Su repertorio incluye lentos cl\u00e1sicos de todos los tiempos, como tambi\u00e9n cumbia, cuarteto, etc.<\/p>\n\n\n\n<p>A partir de las 20.30hs tocar\u00e1 Banda Ilusion, una banda formada en 2008, con un repertorio de&nbsp; temas musicales adaptados a su estilo cuarteto comercial y cumbia. Integrada por&nbsp; Enzo y Elvio Rolando en voces, Carlos Huanquillan en bater\u00eda, Pablo Garc\u00eda en bajo, Felix Robles en guitarra y&nbsp; Ricardo Navarro en teclados.<\/p>\n\n\n\n<p>Desde el s\u00e1bado 5, a las 19.30hs ser\u00e1 el turno de Deluxe, es una banda de Viedma conformada por Sebasti\u00e1n Scale (bajo y voz), Mariano Pereyra (guitarra y voz) y Silvio N\u00fa\u00f1ez&nbsp; (bater\u00eda y voz). Proponen un estilo Rock Pop nacional.<\/p>\n\n\n\n<p>Y a partir de las 20.30hs se presentar\u00e1n Las Nenas de Sandro. Este es un grupo surgido en Viedma que desarrolla un repertorio propio sustentado en el punk, el reggae, la canci\u00f3n rock, en donde la irreverencia y la b\u00fasqueda permanente conforman una identidad propia.<\/p>\n\n\n\n<p>Para cerrar el fin de semana, el domingo 6 de febrero desde las 19.30 se presentar\u00e1 Alejandro Aveggio, solista que surge en la comarca en 2012. Su repertorio posee canciones propias, una propuesta Rock\/Pop Alternativo, con rasgos de distintos g\u00e9neros, como Folklore, Candombe, Reggae y Funk, entre otros.<\/p>\n\n\n\n<p>Desde las 20.30hs ser\u00e1 el turno de Low Beat. Este grupo est\u00e1 formado por&nbsp; la cantante Micaela Oyarzo, el bajista Mat\u00edas Otero, el tecladista Diego Manquepi, el tecladista Maxi D\u00edaz y el baterista Santiago Villagra y poseen un estilo r&amp;b, soul, funk. E.<\/p>\n\t\t\t\t\t\t\t\t<\/div>\n\t\t\t\t<\/div>\n\t\t\t\t\t<\/div>\n\t\t<\/div>\n\t\t\t\t\t<\/div>\n\t\t<\/section>\n\t\t\t\t<\/div>\n\t\t<div class=\"fb-background-color\">\n\t\t\t  <div \n\t\t\t  \tclass = \"fb-comments\" \n\t\t\t  \tdata-href = \"https:\/\/www.elpolitologoyelpolitico.com.ar\/wordpress\/2022\/02\/03\/esta-semana-continuan-los-recitales-del-verano-cultural-y-deportivo-en-el-condor\/\"\n\t\t\t  \tdata-numposts = \"10\"\n\t\t\t  \tdata-lazy = \"true\"\n\t\t\t\tdata-colorscheme = \"light\"\n\t\t\t\tdata-order-by = \"social\"\n\t\t\t\tdata-mobile=true>\n\t\t\t  <\/div><\/div>\n\t\t  <style>\n\t\t    .fb-background-color {\n\t\t\t\tbackground: #ffffff !important;\n\t\t\t}\n\t\t\t.fb_iframe_widget_fluid_desktop iframe {\n\t\t\t    width: 100% !important;\n\t\t\t}\n\t\t  <\/style>\n\t\t  ","protected":false},"excerpt":{"rendered":"<p>Con diferentes espect\u00e1culos al aire libre, el gobierno de Viedma contin\u00faa los recitales del Verano Cuidado en el nuevo anfiteatro del balneario El C\u00f3ndor. Est\u00e1 ubicado en la costanera de la villa mar\u00edtima. Los recitales se llevar\u00e1n a cabo del 4 al 6 de febrero con artistas locales y ser\u00e1n libres y gratuitos. El viernes [&hellip;]<\/p>\n","protected":false},"author":4,"featured_media":15591,"comment_status":"closed","ping_status":"closed","sticky":false,"template":"","format":"standard","meta":{"_joinchat":[],"footnotes":""},"categories":[39],"tags":[],"class_list":["post-15590","post","type-post","status-publish","format-standard","has-post-thumbnail","hentry","category-en-esta-seccion"],"_links":{"self":[{"href":"https:\/\/www.elpolitologoyelpolitico.com.ar\/wordpress\/wp-json\/wp\/v2\/posts\/15590","targetHints":{"allow":["GET"]}}],"collection":[{"href":"https:\/\/www.elpolitologoyelpolitico.com.ar\/wordpress\/wp-json\/wp\/v2\/posts"}],"about":[{"href":"https:\/\/www.elpolitologoyelpolitico.com.ar\/wordpress\/wp-json\/wp\/v2\/types\/post"}],"author":[{"embeddable":true,"href":"https:\/\/www.elpolitologoyelpolitico.com.ar\/wordpress\/wp-json\/wp\/v2\/users\/4"}],"replies":[{"embeddable":true,"href":"https:\/\/www.elpolitologoyelpolitico.com.ar\/wordpress\/wp-json\/wp\/v2\/comments?post=15590"}],"version-history":[{"count":0,"href":"https:\/\/www.elpolitologoyelpolitico.com.ar\/wordpress\/wp-json\/wp\/v2\/posts\/15590\/revisions"}],"wp:featuredmedia":[{"embeddable":true,"href":"https:\/\/www.elpolitologoyelpolitico.com.ar\/wordpress\/wp-json\/wp\/v2\/media\/15591"}],"wp:attachment":[{"href":"https:\/\/www.elpolitologoyelpolitico.com.ar\/wordpress\/wp-json\/wp\/v2\/media?parent=15590"}],"wp:term":[{"taxonomy":"category","embeddable":true,"href":"https:\/\/www.elpolitologoyelpolitico.com.ar\/wordpress\/wp-json\/wp\/v2\/categories?post=15590"},{"taxonomy":"post_tag","embeddable":true,"href":"https:\/\/www.elpolitologoyelpolitico.com.ar\/wordpress\/wp-json\/wp\/v2\/tags?post=15590"}],"curies":[{"name":"wp","href":"https:\/\/api.w.org\/{rel}","templated":true}]}}