{"id":14196,"date":"2021-12-23T20:25:58","date_gmt":"2021-12-23T20:25:58","guid":{"rendered":"https:\/\/www.elpolitologoyelpolitico.com.ar\/wordpress\/?p=14196"},"modified":"2021-12-24T01:05:10","modified_gmt":"2021-12-24T01:05:10","slug":"la-ucrse-prepara-para-cerrar-el-ano-en-patagones","status":"publish","type":"post","link":"https:\/\/www.elpolitologoyelpolitico.com.ar\/wordpress\/2021\/12\/23\/la-ucrse-prepara-para-cerrar-el-ano-en-patagones\/","title":{"rendered":"LA U C R S E PREPARA PARA CERRAR EL A\u00d1O EN PATAGONES"},"content":{"rendered":"\t\t<div data-elementor-type=\"wp-post\" data-elementor-id=\"14196\" class=\"elementor elementor-14196\">\n\t\t\t\t\t\t<section class=\"elementor-section elementor-top-section elementor-element elementor-element-6d2fb8ec elementor-section-boxed elementor-section-height-default elementor-section-height-default\" data-id=\"6d2fb8ec\" data-element_type=\"section\" data-e-type=\"section\">\n\t\t\t\t\t\t<div class=\"elementor-container elementor-column-gap-default\">\n\t\t\t\t\t<div class=\"elementor-column elementor-col-100 elementor-top-column elementor-element elementor-element-1c5e7740\" data-id=\"1c5e7740\" data-element_type=\"column\" data-e-type=\"column\">\n\t\t\t<div class=\"elementor-widget-wrap elementor-element-populated\">\n\t\t\t\t\t\t<div class=\"elementor-element elementor-element-27a9bfe1 elementor-widget elementor-widget-text-editor\" data-id=\"27a9bfe1\" data-element_type=\"widget\" data-e-type=\"widget\" data-widget_type=\"text-editor.default\">\n\t\t\t\t<div class=\"elementor-widget-container\">\n\t\t\t\t\t\t\t\t\t\n<p>La UCR tendr\u00e1 un evento de cierre de a\u00f1o, durante los d\u00edas 27 y 30 de diciembre.As\u00ed lo afirm\u00f3 la Presidenta de la UCR de Patagones,Dolores Patan\u00e9.<\/p>\n\n\n\n<p>\u201cEstamos organizando una agenda para el 2022 y queremos retomar todas las actividades en el mes de febrero del a\u00f1o pr\u00f3ximo\u201d.<\/p>\n\n\n\n<figure class=\"wp-block-image size-full\"><img fetchpriority=\"high\" decoding=\"async\" width=\"720\" height=\"959\" src=\"https:\/\/www.elpolitologoyelpolitico.com.ar\/wp-content\/uploads\/2021\/12\/WhatsApp-Image-2021-12-23-at-17.02.04.jpeg\" alt=\"\" class=\"wp-image-14197\" srcset=\"https:\/\/www.elpolitologoyelpolitico.com.ar\/wp-content\/uploads\/2021\/12\/WhatsApp-Image-2021-12-23-at-17.02.04.jpeg 720w, https:\/\/www.elpolitologoyelpolitico.com.ar\/wp-content\/uploads\/2021\/12\/WhatsApp-Image-2021-12-23-at-17.02.04-225x300.jpeg 225w\" sizes=\"(max-width: 720px) 100vw, 720px\" \/><\/figure>\n\n\n\n<p>Adem\u00e1s, se refiri\u00f3 al plenario llevado a cabo el viernes pasado en la Sede del Comit\u00e9 Nacional. En ese encuentro, los radicales eligieron (en una lista de unidad) como nuevo presidente a Gerardo Morales, quien reemplaza a Alfredo Cornejo.<\/p>\n\n\n\n<figure class=\"wp-block-image size-full\"><img decoding=\"async\" width=\"720\" height=\"481\" src=\"https:\/\/www.elpolitologoyelpolitico.com.ar\/wp-content\/uploads\/2021\/12\/WhatsApp-Image-2021-12-23-at-17.02.14.jpeg\" alt=\"\" class=\"wp-image-14199\" srcset=\"https:\/\/www.elpolitologoyelpolitico.com.ar\/wp-content\/uploads\/2021\/12\/WhatsApp-Image-2021-12-23-at-17.02.14.jpeg 720w, https:\/\/www.elpolitologoyelpolitico.com.ar\/wp-content\/uploads\/2021\/12\/WhatsApp-Image-2021-12-23-at-17.02.14-300x200.jpeg 300w\" sizes=\"(max-width: 720px) 100vw, 720px\" \/><\/figure>\n\n\n\n<p>La Presidenta de la Uni\u00f3n C\u00edvica Radical de Patagones indic\u00f3 \u201cLa UCR elige a sus representantes de forma democr\u00e1tica y en este plenario se llam\u00f3 a la unidad del Partido lo que&nbsp; se logr\u00f3 con di\u00e1logo y consenso\u201d.<\/p>\n\n\n\n<p>\u201cLos Partidos tienen que ser din\u00e1micos, sabemos el pa\u00eds que queremos\u201d finaliz\u00f3 Dolores Patan\u00e9.<\/p>\n\n\n\n<figure class=\"wp-block-image size-full\"><img decoding=\"async\" width=\"720\" height=\"541\" src=\"https:\/\/www.elpolitologoyelpolitico.com.ar\/wp-content\/uploads\/2021\/12\/WhatsApp-Image-2021-12-23-at-17.02.38.jpeg\" alt=\"\" class=\"wp-image-14200\" srcset=\"https:\/\/www.elpolitologoyelpolitico.com.ar\/wp-content\/uploads\/2021\/12\/WhatsApp-Image-2021-12-23-at-17.02.38.jpeg 720w, https:\/\/www.elpolitologoyelpolitico.com.ar\/wp-content\/uploads\/2021\/12\/WhatsApp-Image-2021-12-23-at-17.02.38-300x225.jpeg 300w\" sizes=\"(max-width: 720px) 100vw, 720px\" \/><\/figure>\n\t\t\t\t\t\t\t\t<\/div>\n\t\t\t\t<\/div>\n\t\t\t\t\t<\/div>\n\t\t<\/div>\n\t\t\t\t\t<\/div>\n\t\t<\/section>\n\t\t\t\t<\/div>\n\t\t<div class=\"fb-background-color\">\n\t\t\t  <div \n\t\t\t  \tclass = \"fb-comments\" \n\t\t\t  \tdata-href = \"https:\/\/www.elpolitologoyelpolitico.com.ar\/wordpress\/2021\/12\/23\/la-ucrse-prepara-para-cerrar-el-ano-en-patagones\/\"\n\t\t\t  \tdata-numposts = \"10\"\n\t\t\t  \tdata-lazy = \"true\"\n\t\t\t\tdata-colorscheme = \"light\"\n\t\t\t\tdata-order-by = \"social\"\n\t\t\t\tdata-mobile=true>\n\t\t\t  <\/div><\/div>\n\t\t  <style>\n\t\t    .fb-background-color {\n\t\t\t\tbackground: #ffffff !important;\n\t\t\t}\n\t\t\t.fb_iframe_widget_fluid_desktop iframe {\n\t\t\t    width: 100% !important;\n\t\t\t}\n\t\t  <\/style>\n\t\t  ","protected":false},"excerpt":{"rendered":"<p>La UCR tendr\u00e1 un evento de cierre de a\u00f1o, durante los d\u00edas 27 y 30 de diciembre.As\u00ed lo afirm\u00f3 la Presidenta de la UCR de Patagones,Dolores Patan\u00e9. \u201cEstamos organizando una agenda para el 2022 y queremos retomar todas las actividades en el mes de febrero del a\u00f1o pr\u00f3ximo\u201d. Adem\u00e1s, se refiri\u00f3 al plenario llevado a [&hellip;]<\/p>\n","protected":false},"author":4,"featured_media":14198,"comment_status":"closed","ping_status":"closed","sticky":false,"template":"","format":"standard","meta":{"_joinchat":[],"footnotes":""},"categories":[5],"tags":[],"class_list":["post-14196","post","type-post","status-publish","format-standard","has-post-thumbnail","hentry","category-partidos-politicos"],"_links":{"self":[{"href":"https:\/\/www.elpolitologoyelpolitico.com.ar\/wordpress\/wp-json\/wp\/v2\/posts\/14196","targetHints":{"allow":["GET"]}}],"collection":[{"href":"https:\/\/www.elpolitologoyelpolitico.com.ar\/wordpress\/wp-json\/wp\/v2\/posts"}],"about":[{"href":"https:\/\/www.elpolitologoyelpolitico.com.ar\/wordpress\/wp-json\/wp\/v2\/types\/post"}],"author":[{"embeddable":true,"href":"https:\/\/www.elpolitologoyelpolitico.com.ar\/wordpress\/wp-json\/wp\/v2\/users\/4"}],"replies":[{"embeddable":true,"href":"https:\/\/www.elpolitologoyelpolitico.com.ar\/wordpress\/wp-json\/wp\/v2\/comments?post=14196"}],"version-history":[{"count":0,"href":"https:\/\/www.elpolitologoyelpolitico.com.ar\/wordpress\/wp-json\/wp\/v2\/posts\/14196\/revisions"}],"wp:featuredmedia":[{"embeddable":true,"href":"https:\/\/www.elpolitologoyelpolitico.com.ar\/wordpress\/wp-json\/wp\/v2\/media\/14198"}],"wp:attachment":[{"href":"https:\/\/www.elpolitologoyelpolitico.com.ar\/wordpress\/wp-json\/wp\/v2\/media?parent=14196"}],"wp:term":[{"taxonomy":"category","embeddable":true,"href":"https:\/\/www.elpolitologoyelpolitico.com.ar\/wordpress\/wp-json\/wp\/v2\/categories?post=14196"},{"taxonomy":"post_tag","embeddable":true,"href":"https:\/\/www.elpolitologoyelpolitico.com.ar\/wordpress\/wp-json\/wp\/v2\/tags?post=14196"}],"curies":[{"name":"wp","href":"https:\/\/api.w.org\/{rel}","templated":true}]}}