{"id":14090,"date":"2021-12-22T22:33:02","date_gmt":"2021-12-22T22:33:02","guid":{"rendered":"https:\/\/www.elpolitologoyelpolitico.com.ar\/wordpress\/?p=14090"},"modified":"2021-12-22T22:33:24","modified_gmt":"2021-12-22T22:33:24","slug":"se-reunio-el-consejo-del-pj-y-llamara-a-internas-en-unidades-basicas-para-el-6-de-marzo","status":"publish","type":"post","link":"https:\/\/www.elpolitologoyelpolitico.com.ar\/wordpress\/2021\/12\/22\/se-reunio-el-consejo-del-pj-y-llamara-a-internas-en-unidades-basicas-para-el-6-de-marzo\/","title":{"rendered":"SE REUNI\u00d3 EL CONSEJO DEL PJ Y LLAMAR\u00c1 A INTERNAS EN UNIDADES BASICAS PARA EL 6 DE MARZO"},"content":{"rendered":"\t\t<div data-elementor-type=\"wp-post\" data-elementor-id=\"14090\" class=\"elementor elementor-14090\">\n\t\t\t\t\t\t<section class=\"elementor-section elementor-top-section elementor-element elementor-element-717bf4d elementor-section-boxed elementor-section-height-default elementor-section-height-default\" data-id=\"717bf4d\" data-element_type=\"section\" data-e-type=\"section\">\n\t\t\t\t\t\t<div class=\"elementor-container elementor-column-gap-default\">\n\t\t\t\t\t<div class=\"elementor-column elementor-col-100 elementor-top-column elementor-element elementor-element-33923d03\" data-id=\"33923d03\" data-element_type=\"column\" data-e-type=\"column\">\n\t\t\t<div class=\"elementor-widget-wrap elementor-element-populated\">\n\t\t\t\t\t\t<div class=\"elementor-element elementor-element-7824ea55 elementor-widget elementor-widget-text-editor\" data-id=\"7824ea55\" data-element_type=\"widget\" data-e-type=\"widget\" data-widget_type=\"text-editor.default\">\n\t\t\t\t<div class=\"elementor-widget-container\">\n\t\t\t\t\t\t\t\t\t\n<p>El Consejo del Partido Justicialista mantuvo una fruct\u00edfera reuni\u00f3n en la que resolvi\u00f3 motorizar acciones en procura de recuperar el protagonismo pol\u00edtico en la Provincia y consolidar una opci\u00f3n de gobierno de cara a las elecciones del 2023.<\/p>\n\n\n\n<p>Encabezado por la presidenta del PJ Alejandra Mas y con la participaci\u00f3n de casi la totalidad de los consejeros y dirigentes invitados, el cuerpo org\u00e1nico resolvi\u00f3 prorrogar el mandato de las actuales autoridades y convocar a elecciones internas en las unidades b\u00e1sicas para el 6 de marzo pr\u00f3ximo. Adem\u00e1s, a partir de la oficializaci\u00f3n judicial se formaliz\u00f3 la incorporaci\u00f3n de fichas de afiliaci\u00f3n y se constituyeron nuevas unidades b\u00e1sicas en Bariloche, Dina Huapi, Allen, Jacobacci y Regina.<\/p>\n\n\n\n<p>\u201cNos volveremos a reunir en la segunda mitad de febrero para ver c\u00f3mo avanza el proceso de convocatoria a internas\u201d, anunci\u00f3 Mas al terminar el encuentro que se desarroll\u00f3 en Sierra Colorada, a lo largo de m\u00e1s de cuatro horas de debate.<\/p>\n\n\n\n<p>Se defini\u00f3 adem\u00e1s la conformaci\u00f3n de una mesa de acci\u00f3n pol\u00edtica para que pueda tomar contacto con la militancia, los gremios, las asociaciones intermedias y determinar los pasos a dar para conformar la estrategia de recuperaci\u00f3n del espacio pol\u00edtico.<\/p>\n\n\n\n<p>\u201cSalimos fortalecidos de este encuentro en el que pudimos analizar el resultado electoral del pasado 14 de noviembre y plantear acciones para motorizar el partido de cara al 2023\u201d, sostuvo Mas.<\/p>\n\n\n\n<p>La constituci\u00f3n de la mesa deber\u00e1 promover la \u201cmejor representaci\u00f3n de esa mesa para que sea muestra cabal del&nbsp; PJ, tanto del seno del Consejo como del movimiento nacional y popular\u201d.&nbsp;<\/p>\n\n\n\n<p>\u201cLa idea es trabajar en la unidad, hacer carne que para un peronista no hay nada mejor que otro peronistas. Podemos pensar en personas distintas que nos lideren, podemos tener diferencias pero todos pensamos en lo mejor para el peronismo\u201d<\/p>\n\n\n\n<p>Por otro lado, el Consejo expres\u00f3 un fuerte acompa\u00f1amiento al gobierno nacional y marc\u00f3 posici\u00f3n en torno a la negociaci\u00f3n con el Fondo Monetario Internacional. \u201cNo hay posibilidad de ajuste en desmedro de la calidad de vida los argentinos y argentinas. Que se hagan responsables quienes fueron gobierno y nos endeudaron. La econom\u00eda tiene que ser con la gente adentro\u201d, se expres\u00f3 en el documento suscripto por los consejeros.&nbsp;&nbsp;<\/p>\n\n\n\n<p>Por ultimo se hizo una fuerte cr\u00edtica a la oposici\u00f3n por la irresponsable decisi\u00f3n de dejar sin presupuesto al pa\u00eds perjudicando a provincias y municipios. \u201cHacemos un llamado a la oposici\u00f3n que se encauce en las acciones de respeto al ejercicio democr\u00e1tico\u201d, afirmaron.<\/p>\n\n\n\n<p>La pr\u00f3xima reuni\u00f3n del Consejo ser\u00e1 convocada para la segunda quincena de febrero.<\/p>\n\n\n\n<p>\u201cConfirmamos el irrestricto apoyo a nuestros intendentes e intendentas, que son discriminados por el gobierno de Arabela Carreras. Podemos unidos cambiar este resultado y darle una esperanza al pueblo de R\u00edo Negro. Adem\u00e1s ratificamos el Frente de Todos como alianza electoral\u00a0 e invitamos a las fuerzas que lo integran a darnos un debate interno para plantear la estrategia para el 2023\u201d, concluy\u00f3 Mas.<\/p>\n\n\n\n<figure class=\"wp-block-gallery columns-3 is-cropped wp-block-gallery-2 is-layout-flex wp-block-gallery-is-layout-flex\"><ul class=\"blocks-gallery-grid\"><li class=\"blocks-gallery-item\"><figure><img fetchpriority=\"high\" decoding=\"async\" width=\"1024\" height=\"768\" src=\"https:\/\/www.elpolitologoyelpolitico.com.ar\/wp-content\/uploads\/2021\/12\/WhatsApp-Image-2021-12-22-at-19.19.19-1024x768.jpeg\" alt=\"\" data-id=\"14092\" data-full-url=\"https:\/\/www.elpolitologoyelpolitico.com.ar\/wp-content\/uploads\/2021\/12\/WhatsApp-Image-2021-12-22-at-19.19.19.jpeg\" data-link=\"https:\/\/www.elpolitologoyelpolitico.com.ar\/wordpress\/?attachment_id=14092\" class=\"wp-image-14092\" srcset=\"https:\/\/www.elpolitologoyelpolitico.com.ar\/wp-content\/uploads\/2021\/12\/WhatsApp-Image-2021-12-22-at-19.19.19-1024x768.jpeg 1024w, https:\/\/www.elpolitologoyelpolitico.com.ar\/wp-content\/uploads\/2021\/12\/WhatsApp-Image-2021-12-22-at-19.19.19-300x225.jpeg 300w, https:\/\/www.elpolitologoyelpolitico.com.ar\/wp-content\/uploads\/2021\/12\/WhatsApp-Image-2021-12-22-at-19.19.19-768x576.jpeg 768w, https:\/\/www.elpolitologoyelpolitico.com.ar\/wp-content\/uploads\/2021\/12\/WhatsApp-Image-2021-12-22-at-19.19.19.jpeg 1280w\" sizes=\"(max-width: 1024px) 100vw, 1024px\" \/><\/figure><\/li><li class=\"blocks-gallery-item\"><figure><img decoding=\"async\" width=\"1024\" height=\"768\" src=\"https:\/\/www.elpolitologoyelpolitico.com.ar\/wp-content\/uploads\/2021\/12\/WhatsApp-Image-2021-12-22-at-19.19.18-1024x768.jpeg\" alt=\"\" data-id=\"14093\" data-full-url=\"https:\/\/www.elpolitologoyelpolitico.com.ar\/wp-content\/uploads\/2021\/12\/WhatsApp-Image-2021-12-22-at-19.19.18.jpeg\" data-link=\"https:\/\/www.elpolitologoyelpolitico.com.ar\/wordpress\/?attachment_id=14093\" class=\"wp-image-14093\" srcset=\"https:\/\/www.elpolitologoyelpolitico.com.ar\/wp-content\/uploads\/2021\/12\/WhatsApp-Image-2021-12-22-at-19.19.18-1024x768.jpeg 1024w, https:\/\/www.elpolitologoyelpolitico.com.ar\/wp-content\/uploads\/2021\/12\/WhatsApp-Image-2021-12-22-at-19.19.18-300x225.jpeg 300w, https:\/\/www.elpolitologoyelpolitico.com.ar\/wp-content\/uploads\/2021\/12\/WhatsApp-Image-2021-12-22-at-19.19.18-768x576.jpeg 768w, https:\/\/www.elpolitologoyelpolitico.com.ar\/wp-content\/uploads\/2021\/12\/WhatsApp-Image-2021-12-22-at-19.19.18.jpeg 1280w\" sizes=\"(max-width: 1024px) 100vw, 1024px\" \/><\/figure><\/li><li class=\"blocks-gallery-item\"><figure><img decoding=\"async\" width=\"950\" height=\"1024\" src=\"https:\/\/www.elpolitologoyelpolitico.com.ar\/wp-content\/uploads\/2021\/12\/WhatsApp-Image-2021-12-22-at-19.19.17-950x1024.jpeg\" alt=\"\" data-id=\"14094\" data-full-url=\"https:\/\/www.elpolitologoyelpolitico.com.ar\/wp-content\/uploads\/2021\/12\/WhatsApp-Image-2021-12-22-at-19.19.17.jpeg\" data-link=\"https:\/\/www.elpolitologoyelpolitico.com.ar\/wordpress\/?attachment_id=14094\" class=\"wp-image-14094\" srcset=\"https:\/\/www.elpolitologoyelpolitico.com.ar\/wp-content\/uploads\/2021\/12\/WhatsApp-Image-2021-12-22-at-19.19.17-950x1024.jpeg 950w, https:\/\/www.elpolitologoyelpolitico.com.ar\/wp-content\/uploads\/2021\/12\/WhatsApp-Image-2021-12-22-at-19.19.17-278x300.jpeg 278w, https:\/\/www.elpolitologoyelpolitico.com.ar\/wp-content\/uploads\/2021\/12\/WhatsApp-Image-2021-12-22-at-19.19.17-768x827.jpeg 768w, https:\/\/www.elpolitologoyelpolitico.com.ar\/wp-content\/uploads\/2021\/12\/WhatsApp-Image-2021-12-22-at-19.19.17.jpeg 1188w\" sizes=\"(max-width: 950px) 100vw, 950px\" \/><\/figure><\/li><\/ul><\/figure>\n\t\t\t\t\t\t\t\t<\/div>\n\t\t\t\t<\/div>\n\t\t\t\t\t<\/div>\n\t\t<\/div>\n\t\t\t\t\t<\/div>\n\t\t<\/section>\n\t\t\t\t<\/div>\n\t\t<div class=\"fb-background-color\">\n\t\t\t  <div \n\t\t\t  \tclass = \"fb-comments\" \n\t\t\t  \tdata-href = \"https:\/\/www.elpolitologoyelpolitico.com.ar\/wordpress\/2021\/12\/22\/se-reunio-el-consejo-del-pj-y-llamara-a-internas-en-unidades-basicas-para-el-6-de-marzo\/\"\n\t\t\t  \tdata-numposts = \"10\"\n\t\t\t  \tdata-lazy = \"true\"\n\t\t\t\tdata-colorscheme = \"light\"\n\t\t\t\tdata-order-by = \"social\"\n\t\t\t\tdata-mobile=true>\n\t\t\t  <\/div><\/div>\n\t\t  <style>\n\t\t    .fb-background-color {\n\t\t\t\tbackground: #ffffff !important;\n\t\t\t}\n\t\t\t.fb_iframe_widget_fluid_desktop iframe {\n\t\t\t    width: 100% !important;\n\t\t\t}\n\t\t  <\/style>\n\t\t  ","protected":false},"excerpt":{"rendered":"<p>El Consejo del Partido Justicialista mantuvo una fruct\u00edfera reuni\u00f3n en la que resolvi\u00f3 motorizar acciones en procura de recuperar el protagonismo pol\u00edtico en la Provincia y consolidar una opci\u00f3n de gobierno de cara a las elecciones del 2023. Encabezado por la presidenta del PJ Alejandra Mas y con la participaci\u00f3n de casi la totalidad de [&hellip;]<\/p>\n","protected":false},"author":4,"featured_media":14091,"comment_status":"closed","ping_status":"closed","sticky":false,"template":"","format":"standard","meta":{"_joinchat":[],"footnotes":""},"categories":[5],"tags":[],"class_list":["post-14090","post","type-post","status-publish","format-standard","has-post-thumbnail","hentry","category-partidos-politicos"],"_links":{"self":[{"href":"https:\/\/www.elpolitologoyelpolitico.com.ar\/wordpress\/wp-json\/wp\/v2\/posts\/14090","targetHints":{"allow":["GET"]}}],"collection":[{"href":"https:\/\/www.elpolitologoyelpolitico.com.ar\/wordpress\/wp-json\/wp\/v2\/posts"}],"about":[{"href":"https:\/\/www.elpolitologoyelpolitico.com.ar\/wordpress\/wp-json\/wp\/v2\/types\/post"}],"author":[{"embeddable":true,"href":"https:\/\/www.elpolitologoyelpolitico.com.ar\/wordpress\/wp-json\/wp\/v2\/users\/4"}],"replies":[{"embeddable":true,"href":"https:\/\/www.elpolitologoyelpolitico.com.ar\/wordpress\/wp-json\/wp\/v2\/comments?post=14090"}],"version-history":[{"count":0,"href":"https:\/\/www.elpolitologoyelpolitico.com.ar\/wordpress\/wp-json\/wp\/v2\/posts\/14090\/revisions"}],"wp:featuredmedia":[{"embeddable":true,"href":"https:\/\/www.elpolitologoyelpolitico.com.ar\/wordpress\/wp-json\/wp\/v2\/media\/14091"}],"wp:attachment":[{"href":"https:\/\/www.elpolitologoyelpolitico.com.ar\/wordpress\/wp-json\/wp\/v2\/media?parent=14090"}],"wp:term":[{"taxonomy":"category","embeddable":true,"href":"https:\/\/www.elpolitologoyelpolitico.com.ar\/wordpress\/wp-json\/wp\/v2\/categories?post=14090"},{"taxonomy":"post_tag","embeddable":true,"href":"https:\/\/www.elpolitologoyelpolitico.com.ar\/wordpress\/wp-json\/wp\/v2\/tags?post=14090"}],"curies":[{"name":"wp","href":"https:\/\/api.w.org\/{rel}","templated":true}]}}