{"id":12917,"date":"2021-12-06T21:38:15","date_gmt":"2021-12-06T21:38:15","guid":{"rendered":"https:\/\/www.elpolitologoyelpolitico.com.ar\/wordpress\/?p=12917"},"modified":"2021-12-06T21:38:33","modified_gmt":"2021-12-06T21:38:33","slug":"nuestra-agrupacion-esta-empezando-a-tomar-la-iniciativa-para-poner-en-movimiento-el-partido","status":"publish","type":"post","link":"https:\/\/www.elpolitologoyelpolitico.com.ar\/wordpress\/2021\/12\/06\/nuestra-agrupacion-esta-empezando-a-tomar-la-iniciativa-para-poner-en-movimiento-el-partido\/","title":{"rendered":"\u201cNUESTRA AGRUPACI\u00d3N EST\u00c1 EMPEZANDO A TOMAR LA INICIATIVA PARA PONER EN MOVIMIENTO EL PARTIDO\u201d"},"content":{"rendered":"\t\t<div data-elementor-type=\"wp-post\" data-elementor-id=\"12917\" class=\"elementor elementor-12917\">\n\t\t\t\t\t\t<section class=\"elementor-section elementor-top-section elementor-element elementor-element-272fd4b6 elementor-section-boxed elementor-section-height-default elementor-section-height-default\" data-id=\"272fd4b6\" data-element_type=\"section\" data-e-type=\"section\">\n\t\t\t\t\t\t<div class=\"elementor-container elementor-column-gap-default\">\n\t\t\t\t\t<div class=\"elementor-column elementor-col-100 elementor-top-column elementor-element elementor-element-517a85e7\" data-id=\"517a85e7\" data-element_type=\"column\" data-e-type=\"column\">\n\t\t\t<div class=\"elementor-widget-wrap elementor-element-populated\">\n\t\t\t\t\t\t<div class=\"elementor-element elementor-element-7bac5ae0 elementor-widget elementor-widget-text-editor\" data-id=\"7bac5ae0\" data-element_type=\"widget\" data-e-type=\"widget\" data-widget_type=\"text-editor.default\">\n\t\t\t\t<div class=\"elementor-widget-container\">\n\t\t\t\t\t\t\t\t\t\n<p>Se llev\u00f3 a cabo un nuevo encuentro de Convocatoria R\u00edo Negro Hay 23, en donde participaron diferentes actores y sectores del PJ.<\/p>\n\n\n\n<p>El encuentro fue abierto por el ex legislador Ra\u00fal Mart\u00ednez y luego se le dio la palabra a treinta participantes mas.<\/p>\n\n\n\n<p>La&nbsp; juventud estuvo presente en el encuentro y su referente Gabriel Maureira expres\u00f3\u201cSe analiz\u00f3 la situaci\u00f3n actual del Partido luego una dura derrota y nuestra agrupaci\u00f3n est\u00e1 empezando a tomar la iniciativa para poner en movimiento el Partido\u201d.<\/p>\n\n\n\n<p>Otra de las ideas es fortalecer la identidad partidaria para las pr\u00f3ximas elecciones y Maureiraindic\u00f3 \u201cQueremos cambiar la forma de conducci\u00f3n donde los compa\u00f1eros tengan mayor participaci\u00f3n y los candidatos sean elegidos por estos\u201d.<\/p>\n\n\n\n<p>Desde el espacio pol\u00edtico piensan realizar unencuentro el 22 de Febrero en Las Grutas, Rio Negro para fortalecer la identidad pol\u00edtica y as\u00ed tener un peronismo unido de cara al a\u00f1o 2023.<\/p>\n\n\n\n<p>Desde Convocatoria hay 23 van a estar organizando \u00a0un Congreso en Bariloche (para marzo 2022) y se design\u00f3 una comisi\u00f3n para entablar un dialogo con la actual Conducci\u00f3n del PJ de R\u00edo Negro.<\/p>\n\n\n\n<figure class=\"wp-block-image size-full\"><img fetchpriority=\"high\" decoding=\"async\" width=\"720\" height=\"540\" src=\"https:\/\/www.elpolitologoyelpolitico.com.ar\/wp-content\/uploads\/2021\/12\/WhatsApp-Image-2021-12-06-at-15.39.03-1.jpeg\" alt=\"\" class=\"wp-image-12918\" srcset=\"https:\/\/www.elpolitologoyelpolitico.com.ar\/wp-content\/uploads\/2021\/12\/WhatsApp-Image-2021-12-06-at-15.39.03-1.jpeg 720w, https:\/\/www.elpolitologoyelpolitico.com.ar\/wp-content\/uploads\/2021\/12\/WhatsApp-Image-2021-12-06-at-15.39.03-1-300x225.jpeg 300w\" sizes=\"(max-width: 720px) 100vw, 720px\" \/><\/figure>\n\t\t\t\t\t\t\t\t<\/div>\n\t\t\t\t<\/div>\n\t\t\t\t\t<\/div>\n\t\t<\/div>\n\t\t\t\t\t<\/div>\n\t\t<\/section>\n\t\t\t\t<\/div>\n\t\t<div class=\"fb-background-color\">\n\t\t\t  <div \n\t\t\t  \tclass = \"fb-comments\" \n\t\t\t  \tdata-href = \"https:\/\/www.elpolitologoyelpolitico.com.ar\/wordpress\/2021\/12\/06\/nuestra-agrupacion-esta-empezando-a-tomar-la-iniciativa-para-poner-en-movimiento-el-partido\/\"\n\t\t\t  \tdata-numposts = \"10\"\n\t\t\t  \tdata-lazy = \"true\"\n\t\t\t\tdata-colorscheme = \"light\"\n\t\t\t\tdata-order-by = \"social\"\n\t\t\t\tdata-mobile=true>\n\t\t\t  <\/div><\/div>\n\t\t  <style>\n\t\t    .fb-background-color {\n\t\t\t\tbackground: #ffffff !important;\n\t\t\t}\n\t\t\t.fb_iframe_widget_fluid_desktop iframe {\n\t\t\t    width: 100% !important;\n\t\t\t}\n\t\t  <\/style>\n\t\t  ","protected":false},"excerpt":{"rendered":"<p>Se llev\u00f3 a cabo un nuevo encuentro de Convocatoria R\u00edo Negro Hay 23, en donde participaron diferentes actores y sectores del PJ. El encuentro fue abierto por el ex legislador Ra\u00fal Mart\u00ednez y luego se le dio la palabra a treinta participantes mas. La&nbsp; juventud estuvo presente en el encuentro y su referente Gabriel Maureira [&hellip;]<\/p>\n","protected":false},"author":4,"featured_media":12919,"comment_status":"closed","ping_status":"closed","sticky":false,"template":"","format":"standard","meta":{"_joinchat":[],"footnotes":""},"categories":[5],"tags":[],"class_list":["post-12917","post","type-post","status-publish","format-standard","has-post-thumbnail","hentry","category-partidos-politicos"],"_links":{"self":[{"href":"https:\/\/www.elpolitologoyelpolitico.com.ar\/wordpress\/wp-json\/wp\/v2\/posts\/12917","targetHints":{"allow":["GET"]}}],"collection":[{"href":"https:\/\/www.elpolitologoyelpolitico.com.ar\/wordpress\/wp-json\/wp\/v2\/posts"}],"about":[{"href":"https:\/\/www.elpolitologoyelpolitico.com.ar\/wordpress\/wp-json\/wp\/v2\/types\/post"}],"author":[{"embeddable":true,"href":"https:\/\/www.elpolitologoyelpolitico.com.ar\/wordpress\/wp-json\/wp\/v2\/users\/4"}],"replies":[{"embeddable":true,"href":"https:\/\/www.elpolitologoyelpolitico.com.ar\/wordpress\/wp-json\/wp\/v2\/comments?post=12917"}],"version-history":[{"count":0,"href":"https:\/\/www.elpolitologoyelpolitico.com.ar\/wordpress\/wp-json\/wp\/v2\/posts\/12917\/revisions"}],"wp:featuredmedia":[{"embeddable":true,"href":"https:\/\/www.elpolitologoyelpolitico.com.ar\/wordpress\/wp-json\/wp\/v2\/media\/12919"}],"wp:attachment":[{"href":"https:\/\/www.elpolitologoyelpolitico.com.ar\/wordpress\/wp-json\/wp\/v2\/media?parent=12917"}],"wp:term":[{"taxonomy":"category","embeddable":true,"href":"https:\/\/www.elpolitologoyelpolitico.com.ar\/wordpress\/wp-json\/wp\/v2\/categories?post=12917"},{"taxonomy":"post_tag","embeddable":true,"href":"https:\/\/www.elpolitologoyelpolitico.com.ar\/wordpress\/wp-json\/wp\/v2\/tags?post=12917"}],"curies":[{"name":"wp","href":"https:\/\/api.w.org\/{rel}","templated":true}]}}