{"id":11055,"date":"2021-11-04T23:25:17","date_gmt":"2021-11-04T23:25:17","guid":{"rendered":"https:\/\/www.elpolitologoyelpolitico.com.ar\/wordpress\/?p=11055"},"modified":"2021-11-04T23:25:44","modified_gmt":"2021-11-04T23:25:44","slug":"viedma-afina-detalles-para-el-sorteo-de-100-viviendas-en-los-eucaliptos","status":"publish","type":"post","link":"https:\/\/www.elpolitologoyelpolitico.com.ar\/wordpress\/2021\/11\/04\/viedma-afina-detalles-para-el-sorteo-de-100-viviendas-en-los-eucaliptos\/","title":{"rendered":"VIEDMA AFINA DETALLES PARA EL SORTEO DE 100 VIVIENDAS EN LOS EUCALIPTOS"},"content":{"rendered":"\t\t<div data-elementor-type=\"wp-post\" data-elementor-id=\"11055\" class=\"elementor elementor-11055\">\n\t\t\t\t\t\t<section class=\"elementor-section elementor-top-section elementor-element elementor-element-332798eb elementor-section-boxed elementor-section-height-default elementor-section-height-default\" data-id=\"332798eb\" data-element_type=\"section\" data-e-type=\"section\">\n\t\t\t\t\t\t<div class=\"elementor-container elementor-column-gap-default\">\n\t\t\t\t\t<div class=\"elementor-column elementor-col-100 elementor-top-column elementor-element elementor-element-20709f19\" data-id=\"20709f19\" data-element_type=\"column\" data-e-type=\"column\">\n\t\t\t<div class=\"elementor-widget-wrap elementor-element-populated\">\n\t\t\t\t\t\t<div class=\"elementor-element elementor-element-f86074e elementor-widget elementor-widget-text-editor\" data-id=\"f86074e\" data-element_type=\"widget\" data-e-type=\"widget\" data-widget_type=\"text-editor.default\">\n\t\t\t\t<div class=\"elementor-widget-container\">\n\t\t\t\t\t\t\t\t\t\n<p>El gobierno de Viedma, de forma articulada con Loter\u00eda de R\u00edo Negro, est\u00e1 trabajando en la organizaci\u00f3n del sorteo para la adjudicaci\u00f3n de viviendas para nuestra ciudad.<\/p>\n\n\n\n<p>Se trata de las 100 viviendas que el gobierno provincial destin\u00f3 a Viedma y que ser\u00e1n construidas en el loteo Los Eucaliptos.<\/p>\n\n\n\n<p>Al respecto el jefe de gabinete municipal, Marcos Castro, indic\u00f3 que \u00abjunto al titular de loter\u00eda provincial, y en virtud de dar transparencia al proceso, estamos organizando el sorteo de las familias que han decidi\u00f3 someterse a esta instancia de selecci\u00f3n\u00bb.<\/p>\n\n\n\n<p>\u00abQueremos llevar certezas a las vecinas y vecinos de nuestra comunidad para que sepan que ya iniciamos este proceso de organizaci\u00f3n, y que en los pr\u00f3ximos d\u00edas tendremos novedades espec\u00edficas en cuanto al d\u00eda y horario de dicho sorteo\u00bb, se\u00f1al\u00f3 Castro.<\/p>\n\n\n\n<p>Cabe destacar que se trata de 140 familias que participar\u00e1n del sorteo, de las cuales 100 podr\u00e1n acceder al lote y vivienda, mientras que las 40 restantes ya cuentan con el terreno propio previamente adjudicado, con la posibilidad de una reubicaci\u00f3n de lotes dentro del mismo barrio.<\/p>\n\n\n\n<p>El encuentro se realiz\u00f3 entre el jefe de gabinete municipal, Marcos Castro y el interventor de Loter\u00eda de R\u00edo Negro, Jorge Manzo.<\/p>\n\t\t\t\t\t\t\t\t<\/div>\n\t\t\t\t<\/div>\n\t\t\t\t\t<\/div>\n\t\t<\/div>\n\t\t\t\t\t<\/div>\n\t\t<\/section>\n\t\t\t\t<\/div>\n\t\t<div class=\"fb-background-color\">\n\t\t\t  <div \n\t\t\t  \tclass = \"fb-comments\" \n\t\t\t  \tdata-href = \"https:\/\/www.elpolitologoyelpolitico.com.ar\/wordpress\/2021\/11\/04\/viedma-afina-detalles-para-el-sorteo-de-100-viviendas-en-los-eucaliptos\/\"\n\t\t\t  \tdata-numposts = \"10\"\n\t\t\t  \tdata-lazy = \"true\"\n\t\t\t\tdata-colorscheme = \"light\"\n\t\t\t\tdata-order-by = \"social\"\n\t\t\t\tdata-mobile=true>\n\t\t\t  <\/div><\/div>\n\t\t  <style>\n\t\t    .fb-background-color {\n\t\t\t\tbackground: #ffffff !important;\n\t\t\t}\n\t\t\t.fb_iframe_widget_fluid_desktop iframe {\n\t\t\t    width: 100% !important;\n\t\t\t}\n\t\t  <\/style>\n\t\t  ","protected":false},"excerpt":{"rendered":"<p>El gobierno de Viedma, de forma articulada con Loter\u00eda de R\u00edo Negro, est\u00e1 trabajando en la organizaci\u00f3n del sorteo para la adjudicaci\u00f3n de viviendas para nuestra ciudad. Se trata de las 100 viviendas que el gobierno provincial destin\u00f3 a Viedma y que ser\u00e1n construidas en el loteo Los Eucaliptos. Al respecto el jefe de gabinete [&hellip;]<\/p>\n","protected":false},"author":4,"featured_media":11056,"comment_status":"closed","ping_status":"closed","sticky":false,"template":"","format":"standard","meta":{"_joinchat":[],"footnotes":""},"categories":[4],"tags":[],"class_list":["post-11055","post","type-post","status-publish","format-standard","has-post-thumbnail","hentry","category-politicas-publicas"],"_links":{"self":[{"href":"https:\/\/www.elpolitologoyelpolitico.com.ar\/wordpress\/wp-json\/wp\/v2\/posts\/11055","targetHints":{"allow":["GET"]}}],"collection":[{"href":"https:\/\/www.elpolitologoyelpolitico.com.ar\/wordpress\/wp-json\/wp\/v2\/posts"}],"about":[{"href":"https:\/\/www.elpolitologoyelpolitico.com.ar\/wordpress\/wp-json\/wp\/v2\/types\/post"}],"author":[{"embeddable":true,"href":"https:\/\/www.elpolitologoyelpolitico.com.ar\/wordpress\/wp-json\/wp\/v2\/users\/4"}],"replies":[{"embeddable":true,"href":"https:\/\/www.elpolitologoyelpolitico.com.ar\/wordpress\/wp-json\/wp\/v2\/comments?post=11055"}],"version-history":[{"count":0,"href":"https:\/\/www.elpolitologoyelpolitico.com.ar\/wordpress\/wp-json\/wp\/v2\/posts\/11055\/revisions"}],"wp:featuredmedia":[{"embeddable":true,"href":"https:\/\/www.elpolitologoyelpolitico.com.ar\/wordpress\/wp-json\/wp\/v2\/media\/11056"}],"wp:attachment":[{"href":"https:\/\/www.elpolitologoyelpolitico.com.ar\/wordpress\/wp-json\/wp\/v2\/media?parent=11055"}],"wp:term":[{"taxonomy":"category","embeddable":true,"href":"https:\/\/www.elpolitologoyelpolitico.com.ar\/wordpress\/wp-json\/wp\/v2\/categories?post=11055"},{"taxonomy":"post_tag","embeddable":true,"href":"https:\/\/www.elpolitologoyelpolitico.com.ar\/wordpress\/wp-json\/wp\/v2\/tags?post=11055"}],"curies":[{"name":"wp","href":"https:\/\/api.w.org\/{rel}","templated":true}]}}