{"id":11047,"date":"2021-11-04T23:23:11","date_gmt":"2021-11-04T23:23:11","guid":{"rendered":"https:\/\/www.elpolitologoyelpolitico.com.ar\/wordpress\/?p=11047"},"modified":"2021-11-04T23:23:48","modified_gmt":"2021-11-04T23:23:48","slug":"se-realizan-trabajos-de-proteccion-del-camino-a-la-villa-7-de-marzo","status":"publish","type":"post","link":"https:\/\/www.elpolitologoyelpolitico.com.ar\/wordpress\/2021\/11\/04\/se-realizan-trabajos-de-proteccion-del-camino-a-la-villa-7-de-marzo\/","title":{"rendered":"SE REALIZAN TRABAJOS DE PROTECCI\u00d3N DEL CAMINO A LA \u201cVILLA 7 DE MARZO\u201d"},"content":{"rendered":"\t\t<div data-elementor-type=\"wp-post\" data-elementor-id=\"11047\" class=\"elementor elementor-11047\">\n\t\t\t\t\t\t<section class=\"elementor-section elementor-top-section elementor-element elementor-element-39b2cf62 elementor-section-boxed elementor-section-height-default elementor-section-height-default\" data-id=\"39b2cf62\" data-element_type=\"section\" data-e-type=\"section\">\n\t\t\t\t\t\t<div class=\"elementor-container elementor-column-gap-default\">\n\t\t\t\t\t<div class=\"elementor-column elementor-col-100 elementor-top-column elementor-element elementor-element-144e4cd4\" data-id=\"144e4cd4\" data-element_type=\"column\" data-e-type=\"column\">\n\t\t\t<div class=\"elementor-widget-wrap elementor-element-populated\">\n\t\t\t\t\t\t<div class=\"elementor-element elementor-element-22f6f41c elementor-widget elementor-widget-text-editor\" data-id=\"22f6f41c\" data-element_type=\"widget\" data-e-type=\"widget\" data-widget_type=\"text-editor.default\">\n\t\t\t\t<div class=\"elementor-widget-container\">\n\t\t\t\t\t\t\t\t\t\n<p>El Intendente Municipal, Ing. Jos\u00e9 Luis Zara, recorri\u00f3 los trabajos de conservaci\u00f3n de la traza del camino a la Villa \u201c7 de Marzo\u201d, que se realizan con el objetivo de atenuar el impacto de la erosi\u00f3n del r\u00edo.<\/p>\n\n\n\n<p>Los mismos son ejecutados por personal municipal.<\/p>\n\n\n\n<p>El jefe comunal estuvo acompa\u00f1ado por el Secretario y Subsecretario de Obras P\u00fablicas, Jorge Isaac, y Roberto Haure, respectivamente, el responsable del Departamento Vial, Juan Castillo, y el Subsecretario de Servicios, Alberto Castillo.<\/p>\n\n\n\n<p>Con respecto a los trabajos, el Secretario de Obras P\u00fablicas, Jorge Isaac, indic\u00f3 que \u201cse ha presentado un reclamo ante la Autoridad Interjurisdiccional de Cuencas para solicitar que se realice un proyecto definitivo de protecci\u00f3n de la zona y tambi\u00e9n de la zona de costanera de Carmen de Patagones\u201d.<\/p>\n\n\n\n<figure class=\"wp-block-image size-full\"><img fetchpriority=\"high\" decoding=\"async\" width=\"720\" height=\"720\" src=\"https:\/\/www.elpolitologoyelpolitico.com.ar\/wp-content\/uploads\/2021\/11\/WhatsApp-Image-2021-11-04-at-7.45.01-PM.jpeg\" alt=\"\" class=\"wp-image-11050\" srcset=\"https:\/\/www.elpolitologoyelpolitico.com.ar\/wp-content\/uploads\/2021\/11\/WhatsApp-Image-2021-11-04-at-7.45.01-PM.jpeg 720w, https:\/\/www.elpolitologoyelpolitico.com.ar\/wp-content\/uploads\/2021\/11\/WhatsApp-Image-2021-11-04-at-7.45.01-PM-300x300.jpeg 300w, https:\/\/www.elpolitologoyelpolitico.com.ar\/wp-content\/uploads\/2021\/11\/WhatsApp-Image-2021-11-04-at-7.45.01-PM-150x150.jpeg 150w\" sizes=\"(max-width: 720px) 100vw, 720px\" \/><\/figure>\n\n\n\n<p>La intenci\u00f3n \u2013asegur\u00f3- \u201ces buscar financiamiento ante el gobierno Nacional o Provincial, ya que el da\u00f1o que produce el r\u00edo con su erosi\u00f3n continua, es fruto del manejo del curso del agua\u201d.<\/p>\n\n\n\n<p>\u201cLo que hacemos actualmente es una obra de mitigaci\u00f3n, pero vamos a solicitar una inversi\u00f3n para dar una soluci\u00f3n a largo plazo\u201d, se\u00f1al\u00f3 Isaac.<\/p>\n\n\n\n<figure class=\"wp-block-image size-full\"><img decoding=\"async\" width=\"492\" height=\"492\" src=\"https:\/\/www.elpolitologoyelpolitico.com.ar\/wp-content\/uploads\/2021\/11\/WhatsApp-Image-2021-11-04-at-7.45.02-PM-1.jpeg\" alt=\"\" class=\"wp-image-11049\" srcset=\"https:\/\/www.elpolitologoyelpolitico.com.ar\/wp-content\/uploads\/2021\/11\/WhatsApp-Image-2021-11-04-at-7.45.02-PM-1.jpeg 492w, https:\/\/www.elpolitologoyelpolitico.com.ar\/wp-content\/uploads\/2021\/11\/WhatsApp-Image-2021-11-04-at-7.45.02-PM-1-300x300.jpeg 300w, https:\/\/www.elpolitologoyelpolitico.com.ar\/wp-content\/uploads\/2021\/11\/WhatsApp-Image-2021-11-04-at-7.45.02-PM-1-150x150.jpeg 150w\" sizes=\"(max-width: 492px) 100vw, 492px\" \/><\/figure>\n\t\t\t\t\t\t\t\t<\/div>\n\t\t\t\t<\/div>\n\t\t\t\t\t<\/div>\n\t\t<\/div>\n\t\t\t\t\t<\/div>\n\t\t<\/section>\n\t\t\t\t<\/div>\n\t\t<div class=\"fb-background-color\">\n\t\t\t  <div \n\t\t\t  \tclass = \"fb-comments\" \n\t\t\t  \tdata-href = \"https:\/\/www.elpolitologoyelpolitico.com.ar\/wordpress\/2021\/11\/04\/se-realizan-trabajos-de-proteccion-del-camino-a-la-villa-7-de-marzo\/\"\n\t\t\t  \tdata-numposts = \"10\"\n\t\t\t  \tdata-lazy = \"true\"\n\t\t\t\tdata-colorscheme = \"light\"\n\t\t\t\tdata-order-by = \"social\"\n\t\t\t\tdata-mobile=true>\n\t\t\t  <\/div><\/div>\n\t\t  <style>\n\t\t    .fb-background-color {\n\t\t\t\tbackground: #ffffff !important;\n\t\t\t}\n\t\t\t.fb_iframe_widget_fluid_desktop iframe {\n\t\t\t    width: 100% !important;\n\t\t\t}\n\t\t  <\/style>\n\t\t  ","protected":false},"excerpt":{"rendered":"<p>El Intendente Municipal, Ing. Jos\u00e9 Luis Zara, recorri\u00f3 los trabajos de conservaci\u00f3n de la traza del camino a la Villa \u201c7 de Marzo\u201d, que se realizan con el objetivo de atenuar el impacto de la erosi\u00f3n del r\u00edo. Los mismos son ejecutados por personal municipal. El jefe comunal estuvo acompa\u00f1ado por el Secretario y Subsecretario [&hellip;]<\/p>\n","protected":false},"author":4,"featured_media":11048,"comment_status":"closed","ping_status":"closed","sticky":false,"template":"","format":"standard","meta":{"_joinchat":[],"footnotes":""},"categories":[4],"tags":[],"class_list":["post-11047","post","type-post","status-publish","format-standard","has-post-thumbnail","hentry","category-politicas-publicas"],"_links":{"self":[{"href":"https:\/\/www.elpolitologoyelpolitico.com.ar\/wordpress\/wp-json\/wp\/v2\/posts\/11047","targetHints":{"allow":["GET"]}}],"collection":[{"href":"https:\/\/www.elpolitologoyelpolitico.com.ar\/wordpress\/wp-json\/wp\/v2\/posts"}],"about":[{"href":"https:\/\/www.elpolitologoyelpolitico.com.ar\/wordpress\/wp-json\/wp\/v2\/types\/post"}],"author":[{"embeddable":true,"href":"https:\/\/www.elpolitologoyelpolitico.com.ar\/wordpress\/wp-json\/wp\/v2\/users\/4"}],"replies":[{"embeddable":true,"href":"https:\/\/www.elpolitologoyelpolitico.com.ar\/wordpress\/wp-json\/wp\/v2\/comments?post=11047"}],"version-history":[{"count":0,"href":"https:\/\/www.elpolitologoyelpolitico.com.ar\/wordpress\/wp-json\/wp\/v2\/posts\/11047\/revisions"}],"wp:featuredmedia":[{"embeddable":true,"href":"https:\/\/www.elpolitologoyelpolitico.com.ar\/wordpress\/wp-json\/wp\/v2\/media\/11048"}],"wp:attachment":[{"href":"https:\/\/www.elpolitologoyelpolitico.com.ar\/wordpress\/wp-json\/wp\/v2\/media?parent=11047"}],"wp:term":[{"taxonomy":"category","embeddable":true,"href":"https:\/\/www.elpolitologoyelpolitico.com.ar\/wordpress\/wp-json\/wp\/v2\/categories?post=11047"},{"taxonomy":"post_tag","embeddable":true,"href":"https:\/\/www.elpolitologoyelpolitico.com.ar\/wordpress\/wp-json\/wp\/v2\/tags?post=11047"}],"curies":[{"name":"wp","href":"https:\/\/api.w.org\/{rel}","templated":true}]}}