{"id":11037,"date":"2021-11-04T23:16:31","date_gmt":"2021-11-04T23:16:31","guid":{"rendered":"https:\/\/www.elpolitologoyelpolitico.com.ar\/wordpress\/?p=11037"},"modified":"2021-11-04T23:17:06","modified_gmt":"2021-11-04T23:17:06","slug":"promotores-del-programa-invernaderos-se-capacitan-en-materia-organica-y-armado-de-composteras","status":"publish","type":"post","link":"https:\/\/www.elpolitologoyelpolitico.com.ar\/wordpress\/2021\/11\/04\/promotores-del-programa-invernaderos-se-capacitan-en-materia-organica-y-armado-de-composteras\/","title":{"rendered":"PROMOTORES DEL PROGRAMA INVERNADEROS SE CAPACITAN EN MATERIA ORG\u00c1NICA Y ARMADO DE COMPOSTERAS"},"content":{"rendered":"\t\t<div data-elementor-type=\"wp-post\" data-elementor-id=\"11037\" class=\"elementor elementor-11037\">\n\t\t\t\t\t\t<section class=\"elementor-section elementor-top-section elementor-element elementor-element-416a40cd elementor-section-boxed elementor-section-height-default elementor-section-height-default\" data-id=\"416a40cd\" data-element_type=\"section\" data-e-type=\"section\">\n\t\t\t\t\t\t<div class=\"elementor-container elementor-column-gap-default\">\n\t\t\t\t\t<div class=\"elementor-column elementor-col-100 elementor-top-column elementor-element elementor-element-4e776ee3\" data-id=\"4e776ee3\" data-element_type=\"column\" data-e-type=\"column\">\n\t\t\t<div class=\"elementor-widget-wrap elementor-element-populated\">\n\t\t\t\t\t\t<div class=\"elementor-element elementor-element-5fef436a elementor-widget elementor-widget-text-editor\" data-id=\"5fef436a\" data-element_type=\"widget\" data-e-type=\"widget\" data-widget_type=\"text-editor.default\">\n\t\t\t\t<div class=\"elementor-widget-container\">\n\t\t\t\t\t\t\t\t\t\n<p>Con la participaci\u00f3n de las y los promotores del Programa Invernaderos, miles de oportunidades del Valle Medio, se llev\u00f3 a cabo una capacitaci\u00f3n sobre c\u00f3mo trabajar con la materia org\u00e1nica que se encuentra en los hogares y c\u00f3mo armar composteras caseras.<\/p>\n\n\n\n<p>La jornada estuvo dirigida a los referentes del programa NUTRE en el Valle Medio. Fue realizada en articulaci\u00f3n con INTA y el Ente de Desarrollo Regional del Valle Medio.<\/p>\n\n\n\n<p>Alejandra Huenchupan, delegada de Desarrollo Humano en la regi\u00f3n, indic\u00f3 que \u201cla seguridad alimentaria y calidad nutricional, la materia org\u00e1nica, el riego y trabajo de excedentes, mediante la elaboraci\u00f3n de conservas, son los cuatro ejes que nos propusimos en materia de capacitaci\u00f3n\u201d.<\/p>\n\n\n\n<p>\u201cEste segundo m\u00f3dulo estuvo dividido en dos partes: en la primera, el equipo del ENDEVAM, Ente de Desarrollo Regional del Valle Medio, trabaj\u00f3 sobre el armado de las composteras y present\u00f3 lo que ser\u00e1 un recorrido de trabajo por los macro-t\u00faneles y con las familias, para que cada una aprenda a armar sus composteras en sus micro-t\u00faneles. Luego se abordaron los biopreparados, que con la utilizaci\u00f3n de elementos de la zona permite combatir plagas, fortalecer y fertilizar a las plantaciones del invernadero\u201d, explic\u00f3 Huenchupan.&nbsp;&nbsp;&nbsp;<\/p>\n\n\n\n<p>La actividad se encuentra enmarcada en el plan Nutre, que el Gobierno de R\u00edo Negro lleva adelante a trav\u00e9s de los ministerios de Desarrollo Humano; y de Producci\u00f3n y Agroindustria. Luego, se desarrollar\u00e1n los m\u00f3dulos de riego y trabajo de excedente, mediante la elaboraci\u00f3n de conservas.<\/p>\n\n\n\n<figure class=\"wp-block-image size-large\"><img fetchpriority=\"high\" decoding=\"async\" width=\"1024\" height=\"530\" src=\"https:\/\/www.elpolitologoyelpolitico.com.ar\/wp-content\/uploads\/2021\/11\/WhatsApp-Image-2021-11-04-at-7.37.52-PM-1024x530.jpeg\" alt=\"\" class=\"wp-image-11039\" srcset=\"https:\/\/www.elpolitologoyelpolitico.com.ar\/wp-content\/uploads\/2021\/11\/WhatsApp-Image-2021-11-04-at-7.37.52-PM-1024x530.jpeg 1024w, https:\/\/www.elpolitologoyelpolitico.com.ar\/wp-content\/uploads\/2021\/11\/WhatsApp-Image-2021-11-04-at-7.37.52-PM-300x155.jpeg 300w, https:\/\/www.elpolitologoyelpolitico.com.ar\/wp-content\/uploads\/2021\/11\/WhatsApp-Image-2021-11-04-at-7.37.52-PM-768x398.jpeg 768w, https:\/\/www.elpolitologoyelpolitico.com.ar\/wp-content\/uploads\/2021\/11\/WhatsApp-Image-2021-11-04-at-7.37.52-PM.jpeg 1280w\" sizes=\"(max-width: 1024px) 100vw, 1024px\" \/><\/figure>\n\t\t\t\t\t\t\t\t<\/div>\n\t\t\t\t<\/div>\n\t\t\t\t\t<\/div>\n\t\t<\/div>\n\t\t\t\t\t<\/div>\n\t\t<\/section>\n\t\t\t\t<\/div>\n\t\t<div class=\"fb-background-color\">\n\t\t\t  <div \n\t\t\t  \tclass = \"fb-comments\" \n\t\t\t  \tdata-href = \"https:\/\/www.elpolitologoyelpolitico.com.ar\/wordpress\/2021\/11\/04\/promotores-del-programa-invernaderos-se-capacitan-en-materia-organica-y-armado-de-composteras\/\"\n\t\t\t  \tdata-numposts = \"10\"\n\t\t\t  \tdata-lazy = \"true\"\n\t\t\t\tdata-colorscheme = \"light\"\n\t\t\t\tdata-order-by = \"social\"\n\t\t\t\tdata-mobile=true>\n\t\t\t  <\/div><\/div>\n\t\t  <style>\n\t\t    .fb-background-color {\n\t\t\t\tbackground: #ffffff !important;\n\t\t\t}\n\t\t\t.fb_iframe_widget_fluid_desktop iframe {\n\t\t\t    width: 100% !important;\n\t\t\t}\n\t\t  <\/style>\n\t\t  ","protected":false},"excerpt":{"rendered":"<p>Con la participaci\u00f3n de las y los promotores del Programa Invernaderos, miles de oportunidades del Valle Medio, se llev\u00f3 a cabo una capacitaci\u00f3n sobre c\u00f3mo trabajar con la materia org\u00e1nica que se encuentra en los hogares y c\u00f3mo armar composteras caseras. La jornada estuvo dirigida a los referentes del programa NUTRE en el Valle Medio. [&hellip;]<\/p>\n","protected":false},"author":4,"featured_media":11038,"comment_status":"closed","ping_status":"closed","sticky":false,"template":"","format":"standard","meta":{"_joinchat":[],"footnotes":""},"categories":[4],"tags":[],"class_list":["post-11037","post","type-post","status-publish","format-standard","has-post-thumbnail","hentry","category-politicas-publicas"],"_links":{"self":[{"href":"https:\/\/www.elpolitologoyelpolitico.com.ar\/wordpress\/wp-json\/wp\/v2\/posts\/11037","targetHints":{"allow":["GET"]}}],"collection":[{"href":"https:\/\/www.elpolitologoyelpolitico.com.ar\/wordpress\/wp-json\/wp\/v2\/posts"}],"about":[{"href":"https:\/\/www.elpolitologoyelpolitico.com.ar\/wordpress\/wp-json\/wp\/v2\/types\/post"}],"author":[{"embeddable":true,"href":"https:\/\/www.elpolitologoyelpolitico.com.ar\/wordpress\/wp-json\/wp\/v2\/users\/4"}],"replies":[{"embeddable":true,"href":"https:\/\/www.elpolitologoyelpolitico.com.ar\/wordpress\/wp-json\/wp\/v2\/comments?post=11037"}],"version-history":[{"count":0,"href":"https:\/\/www.elpolitologoyelpolitico.com.ar\/wordpress\/wp-json\/wp\/v2\/posts\/11037\/revisions"}],"wp:featuredmedia":[{"embeddable":true,"href":"https:\/\/www.elpolitologoyelpolitico.com.ar\/wordpress\/wp-json\/wp\/v2\/media\/11038"}],"wp:attachment":[{"href":"https:\/\/www.elpolitologoyelpolitico.com.ar\/wordpress\/wp-json\/wp\/v2\/media?parent=11037"}],"wp:term":[{"taxonomy":"category","embeddable":true,"href":"https:\/\/www.elpolitologoyelpolitico.com.ar\/wordpress\/wp-json\/wp\/v2\/categories?post=11037"},{"taxonomy":"post_tag","embeddable":true,"href":"https:\/\/www.elpolitologoyelpolitico.com.ar\/wordpress\/wp-json\/wp\/v2\/tags?post=11037"}],"curies":[{"name":"wp","href":"https:\/\/api.w.org\/{rel}","templated":true}]}}