{"id":11030,"date":"2021-11-04T23:12:53","date_gmt":"2021-11-04T23:12:53","guid":{"rendered":"https:\/\/www.elpolitologoyelpolitico.com.ar\/wordpress\/?p=11030"},"modified":"2021-11-04T23:14:11","modified_gmt":"2021-11-04T23:14:11","slug":"educacion-refuerza-la-tarea-escolar-de-estudiantes-y-docentes-con-nuevas-entregas-de-netbooks","status":"publish","type":"post","link":"https:\/\/www.elpolitologoyelpolitico.com.ar\/wordpress\/2021\/11\/04\/educacion-refuerza-la-tarea-escolar-de-estudiantes-y-docentes-con-nuevas-entregas-de-netbooks\/","title":{"rendered":"EDUCACI\u00d3N REFUERZA LA TAREA ESCOLAR DE ESTUDIANTES Y DOCENTES CON NUEVAS ENTREGAS DE NETBOOKS"},"content":{"rendered":"\t\t<div data-elementor-type=\"wp-post\" data-elementor-id=\"11030\" class=\"elementor elementor-11030\">\n\t\t\t\t\t\t<section class=\"elementor-section elementor-top-section elementor-element elementor-element-3ca9e13e elementor-section-boxed elementor-section-height-default elementor-section-height-default\" data-id=\"3ca9e13e\" data-element_type=\"section\" data-e-type=\"section\">\n\t\t\t\t\t\t<div class=\"elementor-container elementor-column-gap-default\">\n\t\t\t\t\t<div class=\"elementor-column elementor-col-100 elementor-top-column elementor-element elementor-element-5af7abf9\" data-id=\"5af7abf9\" data-element_type=\"column\" data-e-type=\"column\">\n\t\t\t<div class=\"elementor-widget-wrap elementor-element-populated\">\n\t\t\t\t\t\t<div class=\"elementor-element elementor-element-65b63944 elementor-widget elementor-widget-text-editor\" data-id=\"65b63944\" data-element_type=\"widget\" data-e-type=\"widget\" data-widget_type=\"text-editor.default\">\n\t\t\t\t<div class=\"elementor-widget-container\">\n\t\t\t\t\t\t\t\t\t\n<p>El Ministerio de Educaci\u00f3n y Derechos Humanos proyecta la entrega de m\u00e1s de 7.000 netbooks, gestionadas tanto para destinar a escuelas secundarias en el marco del Programa \u201cPuentes-desaf\u00edos escolares\u201d como para el uso personal de estudiantes, seg\u00fan el objetivo del Plan Federal \u201cJuana Manso\u201d.<\/p>\n\n\n\n<p>Esta semana, la ministra Mercedes Jara Tracchia continu\u00f3 con las entregas para \u201cPuentes\u201d visitando el jueves las ESRN 22, de Guardia Mitre, y 154, de Viedma.<\/p>\n\n\n\n<p>El jueves hizo lo propio en Valle Medio para las ESRN 25 de Chimpay, 52 de Coronel Belisle, 153 de ChoeleChoel, 55 de Lu\u00eds Beltr\u00e1n y 7 de Lamarque. Ma\u00f1ana viernes lo har\u00e1 en San Carlos de Bariloche, incluyendo a las ESRN de esa ciudad N\u00ba 36, 45 y 138, como as\u00ed tambi\u00e9n a la 96 de Dina Huapi.<\/p>\n\n\n\n<p>\u201cLas computadoras que estamos entregando por el programa Puentes &#8211; desaf\u00edos escolares, sirven para reforzar cada una de las actividades planificadas en las escuelas. Por ejemplo, en la ESRN 22 de Guardia Mitre sus estudiantes de 5\u00ba a\u00f1o est\u00e1n participando de los talleres laborales con certificaci\u00f3n nacional que estamos brindando; en el de dise\u00f1o de p\u00e1ginas web espec\u00edficamente. Estas m\u00e1quinas son una herramienta para fortalecer la construcci\u00f3n de saberes\u201d, defini\u00f3 la titular de Educaci\u00f3n.<\/p>\n\n\n\n<p>En ese marco destac\u00f3 que, paralelamente, se est\u00e1n distribuyendo netbooks del Plan Federal \u201cJuana Manso\u201d, destinadas en 2021 a estudiantes de 1\u00ba a\u00f1o.<\/p>\n\n\n\n<p>\u201cDentro del Plan Juana Manso se est\u00e1n entregando computadoras a todos y todas las estudiantes que est\u00e1n cursando 1\u00ba a\u00f1o en toda la Provincia y pasar\u00e1n a 2\u00ba. Llegan unos 6.900 equipos y el a\u00f1o que viene se completar\u00e1 el cronograma con los nuevos ingresantes y quienes cursen 3\u00ba a\u00f1o\u201d, indic\u00f3 Jara Tracchia.&nbsp;<\/p>\n\n\n\n<p>Hasta el momento, Educaci\u00f3n entreg\u00f3 526 netbooks del Plan Federal \u201cJuana Manso\u201d para estudiantes y la tarea docente en la escuela. A ello se suman otras 300 destinadas a las instituciones escolares de nivel medio para reforzar la participaci\u00f3n en actividades del Programa \u201cPuentes-desaf\u00edos escolares\u201d.<\/p>\n\n\n\n<figure class=\"wp-block-image size-full\"><img fetchpriority=\"high\" decoding=\"async\" width=\"1024\" height=\"682\" src=\"https:\/\/www.elpolitologoyelpolitico.com.ar\/wp-content\/uploads\/2021\/11\/WhatsApp-Image-2021-11-04-at-7.33.39-PM.jpeg\" alt=\"\" class=\"wp-image-11032\" srcset=\"https:\/\/www.elpolitologoyelpolitico.com.ar\/wp-content\/uploads\/2021\/11\/WhatsApp-Image-2021-11-04-at-7.33.39-PM.jpeg 1024w, https:\/\/www.elpolitologoyelpolitico.com.ar\/wp-content\/uploads\/2021\/11\/WhatsApp-Image-2021-11-04-at-7.33.39-PM-300x200.jpeg 300w, https:\/\/www.elpolitologoyelpolitico.com.ar\/wp-content\/uploads\/2021\/11\/WhatsApp-Image-2021-11-04-at-7.33.39-PM-768x512.jpeg 768w\" sizes=\"(max-width: 1024px) 100vw, 1024px\" \/><\/figure>\n\t\t\t\t\t\t\t\t<\/div>\n\t\t\t\t<\/div>\n\t\t\t\t\t<\/div>\n\t\t<\/div>\n\t\t\t\t\t<\/div>\n\t\t<\/section>\n\t\t\t\t<\/div>\n\t\t<div class=\"fb-background-color\">\n\t\t\t  <div \n\t\t\t  \tclass = \"fb-comments\" \n\t\t\t  \tdata-href = \"https:\/\/www.elpolitologoyelpolitico.com.ar\/wordpress\/2021\/11\/04\/educacion-refuerza-la-tarea-escolar-de-estudiantes-y-docentes-con-nuevas-entregas-de-netbooks\/\"\n\t\t\t  \tdata-numposts = \"10\"\n\t\t\t  \tdata-lazy = \"true\"\n\t\t\t\tdata-colorscheme = \"light\"\n\t\t\t\tdata-order-by = \"social\"\n\t\t\t\tdata-mobile=true>\n\t\t\t  <\/div><\/div>\n\t\t  <style>\n\t\t    .fb-background-color {\n\t\t\t\tbackground: #ffffff !important;\n\t\t\t}\n\t\t\t.fb_iframe_widget_fluid_desktop iframe {\n\t\t\t    width: 100% !important;\n\t\t\t}\n\t\t  <\/style>\n\t\t  ","protected":false},"excerpt":{"rendered":"<p>El Ministerio de Educaci\u00f3n y Derechos Humanos proyecta la entrega de m\u00e1s de 7.000 netbooks, gestionadas tanto para destinar a escuelas secundarias en el marco del Programa \u201cPuentes-desaf\u00edos escolares\u201d como para el uso personal de estudiantes, seg\u00fan el objetivo del Plan Federal \u201cJuana Manso\u201d. Esta semana, la ministra Mercedes Jara Tracchia continu\u00f3 con las entregas [&hellip;]<\/p>\n","protected":false},"author":4,"featured_media":11031,"comment_status":"closed","ping_status":"closed","sticky":false,"template":"","format":"standard","meta":{"_joinchat":[],"footnotes":""},"categories":[4],"tags":[],"class_list":["post-11030","post","type-post","status-publish","format-standard","has-post-thumbnail","hentry","category-politicas-publicas"],"_links":{"self":[{"href":"https:\/\/www.elpolitologoyelpolitico.com.ar\/wordpress\/wp-json\/wp\/v2\/posts\/11030","targetHints":{"allow":["GET"]}}],"collection":[{"href":"https:\/\/www.elpolitologoyelpolitico.com.ar\/wordpress\/wp-json\/wp\/v2\/posts"}],"about":[{"href":"https:\/\/www.elpolitologoyelpolitico.com.ar\/wordpress\/wp-json\/wp\/v2\/types\/post"}],"author":[{"embeddable":true,"href":"https:\/\/www.elpolitologoyelpolitico.com.ar\/wordpress\/wp-json\/wp\/v2\/users\/4"}],"replies":[{"embeddable":true,"href":"https:\/\/www.elpolitologoyelpolitico.com.ar\/wordpress\/wp-json\/wp\/v2\/comments?post=11030"}],"version-history":[{"count":0,"href":"https:\/\/www.elpolitologoyelpolitico.com.ar\/wordpress\/wp-json\/wp\/v2\/posts\/11030\/revisions"}],"wp:featuredmedia":[{"embeddable":true,"href":"https:\/\/www.elpolitologoyelpolitico.com.ar\/wordpress\/wp-json\/wp\/v2\/media\/11031"}],"wp:attachment":[{"href":"https:\/\/www.elpolitologoyelpolitico.com.ar\/wordpress\/wp-json\/wp\/v2\/media?parent=11030"}],"wp:term":[{"taxonomy":"category","embeddable":true,"href":"https:\/\/www.elpolitologoyelpolitico.com.ar\/wordpress\/wp-json\/wp\/v2\/categories?post=11030"},{"taxonomy":"post_tag","embeddable":true,"href":"https:\/\/www.elpolitologoyelpolitico.com.ar\/wordpress\/wp-json\/wp\/v2\/tags?post=11030"}],"curies":[{"name":"wp","href":"https:\/\/api.w.org\/{rel}","templated":true}]}}