{"id":11008,"date":"2021-11-04T16:36:25","date_gmt":"2021-11-04T16:36:25","guid":{"rendered":"https:\/\/www.elpolitologoyelpolitico.com.ar\/wordpress\/?p=11008"},"modified":"2021-11-04T16:37:28","modified_gmt":"2021-11-04T16:37:28","slug":"con-obras-de-extension-salud-mejoro-la-red-de-oxigeno-y-gases-en-siete-hospitales","status":"publish","type":"post","link":"https:\/\/www.elpolitologoyelpolitico.com.ar\/wordpress\/2021\/11\/04\/con-obras-de-extension-salud-mejoro-la-red-de-oxigeno-y-gases-en-siete-hospitales\/","title":{"rendered":"CON OBRAS DE EXTENSI\u00d3N, SALUD MEJOR\u00d3 LA RED DE OX\u00cdGENO Y GASES EN SIETE HOSPITALES"},"content":{"rendered":"\t\t<div data-elementor-type=\"wp-post\" data-elementor-id=\"11008\" class=\"elementor elementor-11008\">\n\t\t\t\t\t\t<section class=\"elementor-section elementor-top-section elementor-element elementor-element-1e82458 elementor-section-boxed elementor-section-height-default elementor-section-height-default\" data-id=\"1e82458\" data-element_type=\"section\" data-e-type=\"section\">\n\t\t\t\t\t\t<div class=\"elementor-container elementor-column-gap-default\">\n\t\t\t\t\t<div class=\"elementor-column elementor-col-100 elementor-top-column elementor-element elementor-element-329176fc\" data-id=\"329176fc\" data-element_type=\"column\" data-e-type=\"column\">\n\t\t\t<div class=\"elementor-widget-wrap elementor-element-populated\">\n\t\t\t\t\t\t<div class=\"elementor-element elementor-element-27c5b248 elementor-widget elementor-widget-text-editor\" data-id=\"27c5b248\" data-element_type=\"widget\" data-e-type=\"widget\" data-widget_type=\"text-editor.default\">\n\t\t\t\t<div class=\"elementor-widget-container\">\n\t\t\t\t\t\t\t\t\t\n<p>Durante 2021, desde el Ministerio de Salud provincial se realizaron una serie de obras destinadas a aumentar el abastecimiento y la reserva de gases medicinales en hospitales de mediana complejidad.<\/p>\n\n\n\n<p>Los trabajos permitieron incrementar la disponibilidad de camas con ox\u00edgeno para la atenci\u00f3n de pacientes, teniendo en cuenta el contexto de pandemia por COVID-19.<\/p>\n\n\n\n<p>Se trata de los nosocomios de Villa Regina, Campo Grande, R\u00edo Colorado, Sierra Grande, Cinco Saltos, y Los Menucos, en los que se realizaron trabajos de ampliaci\u00f3n de red que permitieron contar con una mayor reserva de gases para el tratamiento de patolog\u00edas respiratorias que requieren de este recurso.<\/p>\n\n\n\n<p>Adem\u00e1s, el hospital de San Antonio Oeste increment\u00f3 la capacidad de tanques de ox\u00edgeno y gases medicinales que permiti\u00f3 pasar a contar con una capacidad de 3.000 M3 para un eficiente funcionamiento de la red.<\/p>\n\n\n\n<p>En este sentido, en Villa Regina la obra, recientemente inaugurada, de la nueva sala de m\u00e1quinas permiti\u00f3 ampliar la red de gases medicinales en los sectores de guardia, emergencia, segundo, tercero y cuarto piso, y llegar a un total de 65 camas con paneles de ox\u00edgeno, vac\u00edo y aire comprimido para garantizar mayor atenci\u00f3n en de terapia intensiva e internaci\u00f3n.<\/p>\n\n\n\n<p>Esta importante obra signific\u00f3 un avance sustancial en la salud local, que fue posible a partir de aportes del Estado rionegrino y ayuda de comerciantes y empresarios reginenses.<\/p>\n\n\n\n<p>En tanto, en Campo Grande, a principios de a\u00f1o se finalizaron los trabajos de red de gases medicinales, con una inversi\u00f3n de $790.000, que signific\u00f3 un cambio importante en la forma de abastecimiento y que permiti\u00f3 contar con ox\u00edgeno en siete camas del hospital.<\/p>\n\n\n\n<p>A partir de la instalaci\u00f3n del nuevo sistema de gases medicinales, el hospital cuenta con bocas de ox\u00edgeno en cuatro camas de internaci\u00f3n, una en el \u00e1rea de aislamiento y dos en emergencias.<\/p>\n\n\n\n<p>Por su parte, en R\u00edo Colorado, con una importante inversi\u00f3n provincial, el hospital \u00abDr. Jos\u00e9 Cibanal\u00bb duplic\u00f3 la capacidad de camas con ox\u00edgeno. Hoy el \u00e1rea de internaci\u00f3n cuenta con 16 nuevas bocas de ox\u00edgeno, lo que duplica la capacidad de camas para una mayor asistencia.<\/p>\n\n\n\n<p>Los trabajos, que permitieron pasar de 13 camas a un total de 29 con este recurso, contaron con una inversi\u00f3n de $853.000.<\/p>\n\n\n\n<p>Asimismo, en Sierra Grande se realiz\u00f3 el recambio de lugar de rampa de ox\u00edgeno, y se realizaron trabajos para proveer de ox\u00edgeno a ocho habitaciones,&nbsp; el sector de Guardia y el Quir\u00f3fano.<\/p>\n\n\n\n<p>En Cinco Saltos, tambi\u00e9n se realizaron trabajos en la red de gases que permitieron al hospital local contar con un nuevo sistema de ox\u00edgeno y aire comprimido para abastecer un total de 12 camas. La inversi\u00f3n fue de $1.400.000.<\/p>\n\n\n\n<p>En la Regi\u00f3n Sur, en Los Menucos, la obra de ampliaci\u00f3n de red que permiti\u00f3 contar con ox\u00edgeno en 14 camas de internaci\u00f3n. Estos trabajos permitieron al hospital estar m\u00e1s preparado para una mayor atenci\u00f3n, teniendo en cuenta el contexto actual de pandemia.<\/p>\n\n\n\n<figure class=\"wp-block-image size-full\"><img fetchpriority=\"high\" decoding=\"async\" width=\"924\" height=\"616\" src=\"https:\/\/www.elpolitologoyelpolitico.com.ar\/wp-content\/uploads\/2021\/11\/WhatsApp-Image-2021-11-04-at-12.58.26-PM.jpeg\" alt=\"\" class=\"wp-image-11011\" srcset=\"https:\/\/www.elpolitologoyelpolitico.com.ar\/wp-content\/uploads\/2021\/11\/WhatsApp-Image-2021-11-04-at-12.58.26-PM.jpeg 924w, https:\/\/www.elpolitologoyelpolitico.com.ar\/wp-content\/uploads\/2021\/11\/WhatsApp-Image-2021-11-04-at-12.58.26-PM-300x200.jpeg 300w, https:\/\/www.elpolitologoyelpolitico.com.ar\/wp-content\/uploads\/2021\/11\/WhatsApp-Image-2021-11-04-at-12.58.26-PM-768x512.jpeg 768w\" sizes=\"(max-width: 924px) 100vw, 924px\" \/><\/figure>\n\n\n\n<p><strong>M\u00e1s capacidad para el hospital de San Antonio<\/strong><\/p>\n\n\n\n<p>En este mismo contexto, y a partir de un convenio vigente con la empresa Air Liquide, el Ministerio de Salud acord\u00f3 la ampliaci\u00f3n de tanques de ox\u00edgeno y gases medicinales en Hospital \u00c1rea Programa San Antonio Oeste. La extensi\u00f3n permiti\u00f3 contar con una capacidad de 3.000 M3 para un eficiente funcionamiento de la red.<\/p>\n\n\n\n<p>Se trata de la ampliaci\u00f3n a partir de la instalaci\u00f3n de un Tanque O2 Criog\u00e9nico con el correspondiente montaje, abrochado y ca\u00f1er\u00edas de interconexi\u00f3n que tiene como fin asistir pacientes ante la actual emergencia sanitaria por COVID-19, y mejorar as\u00ed las prestaciones m\u00e9dicas a la comunidad.<\/p>\n\n\n\n<p><strong>Repas\u00f3 pr\u00e1cticas en el uso seguro y racional de ox\u00edgeno medicinal<\/strong><\/p>\n\n\n\n<p>En este mismo marco, y con el fin de repasar pr\u00e1cticas sobre el uso seguro y racional del Ox\u00edgeno Medicinal en \u00e1mbitos hospitalarios, el Ministerio de Salud y la empresa Air Liquide capacitaron a personal relacionado con estas tareas en instituciones de salud.<\/p>\n\n\n\n<p>El objetivo fue proporcionar a los profesionales y personal de los hospitales conocimientos generales sobre los tipos de gases medicinales y sus caracter\u00edsticas, poniendo especial \u00e9nfasis en las medidas de seguridad y en el uso responsable y eficiente de los gases, los equipos y los dispositivos para su dispensaci\u00f3n.<\/p>\n\n\n\n<figure class=\"wp-block-image size-large\"><img decoding=\"async\" width=\"1024\" height=\"766\" src=\"https:\/\/www.elpolitologoyelpolitico.com.ar\/wp-content\/uploads\/2021\/11\/WhatsApp-Image-2021-11-04-at-12.58.26-PM-1-1024x766.jpeg\" alt=\"\" class=\"wp-image-11010\" srcset=\"https:\/\/www.elpolitologoyelpolitico.com.ar\/wp-content\/uploads\/2021\/11\/WhatsApp-Image-2021-11-04-at-12.58.26-PM-1-1024x766.jpeg 1024w, https:\/\/www.elpolitologoyelpolitico.com.ar\/wp-content\/uploads\/2021\/11\/WhatsApp-Image-2021-11-04-at-12.58.26-PM-1-300x224.jpeg 300w, https:\/\/www.elpolitologoyelpolitico.com.ar\/wp-content\/uploads\/2021\/11\/WhatsApp-Image-2021-11-04-at-12.58.26-PM-1-768x575.jpeg 768w, https:\/\/www.elpolitologoyelpolitico.com.ar\/wp-content\/uploads\/2021\/11\/WhatsApp-Image-2021-11-04-at-12.58.26-PM-1.jpeg 1160w\" sizes=\"(max-width: 1024px) 100vw, 1024px\" \/><\/figure>\n\t\t\t\t\t\t\t\t<\/div>\n\t\t\t\t<\/div>\n\t\t\t\t\t<\/div>\n\t\t<\/div>\n\t\t\t\t\t<\/div>\n\t\t<\/section>\n\t\t\t\t<\/div>\n\t\t<div class=\"fb-background-color\">\n\t\t\t  <div \n\t\t\t  \tclass = \"fb-comments\" \n\t\t\t  \tdata-href = \"https:\/\/www.elpolitologoyelpolitico.com.ar\/wordpress\/2021\/11\/04\/con-obras-de-extension-salud-mejoro-la-red-de-oxigeno-y-gases-en-siete-hospitales\/\"\n\t\t\t  \tdata-numposts = \"10\"\n\t\t\t  \tdata-lazy = \"true\"\n\t\t\t\tdata-colorscheme = \"light\"\n\t\t\t\tdata-order-by = \"social\"\n\t\t\t\tdata-mobile=true>\n\t\t\t  <\/div><\/div>\n\t\t  <style>\n\t\t    .fb-background-color {\n\t\t\t\tbackground: #ffffff !important;\n\t\t\t}\n\t\t\t.fb_iframe_widget_fluid_desktop iframe {\n\t\t\t    width: 100% !important;\n\t\t\t}\n\t\t  <\/style>\n\t\t  ","protected":false},"excerpt":{"rendered":"<p>Durante 2021, desde el Ministerio de Salud provincial se realizaron una serie de obras destinadas a aumentar el abastecimiento y la reserva de gases medicinales en hospitales de mediana complejidad. Los trabajos permitieron incrementar la disponibilidad de camas con ox\u00edgeno para la atenci\u00f3n de pacientes, teniendo en cuenta el contexto de pandemia por COVID-19. Se [&hellip;]<\/p>\n","protected":false},"author":4,"featured_media":11009,"comment_status":"closed","ping_status":"closed","sticky":false,"template":"","format":"standard","meta":{"_joinchat":[],"footnotes":""},"categories":[4],"tags":[],"class_list":["post-11008","post","type-post","status-publish","format-standard","has-post-thumbnail","hentry","category-politicas-publicas"],"_links":{"self":[{"href":"https:\/\/www.elpolitologoyelpolitico.com.ar\/wordpress\/wp-json\/wp\/v2\/posts\/11008","targetHints":{"allow":["GET"]}}],"collection":[{"href":"https:\/\/www.elpolitologoyelpolitico.com.ar\/wordpress\/wp-json\/wp\/v2\/posts"}],"about":[{"href":"https:\/\/www.elpolitologoyelpolitico.com.ar\/wordpress\/wp-json\/wp\/v2\/types\/post"}],"author":[{"embeddable":true,"href":"https:\/\/www.elpolitologoyelpolitico.com.ar\/wordpress\/wp-json\/wp\/v2\/users\/4"}],"replies":[{"embeddable":true,"href":"https:\/\/www.elpolitologoyelpolitico.com.ar\/wordpress\/wp-json\/wp\/v2\/comments?post=11008"}],"version-history":[{"count":0,"href":"https:\/\/www.elpolitologoyelpolitico.com.ar\/wordpress\/wp-json\/wp\/v2\/posts\/11008\/revisions"}],"wp:featuredmedia":[{"embeddable":true,"href":"https:\/\/www.elpolitologoyelpolitico.com.ar\/wordpress\/wp-json\/wp\/v2\/media\/11009"}],"wp:attachment":[{"href":"https:\/\/www.elpolitologoyelpolitico.com.ar\/wordpress\/wp-json\/wp\/v2\/media?parent=11008"}],"wp:term":[{"taxonomy":"category","embeddable":true,"href":"https:\/\/www.elpolitologoyelpolitico.com.ar\/wordpress\/wp-json\/wp\/v2\/categories?post=11008"},{"taxonomy":"post_tag","embeddable":true,"href":"https:\/\/www.elpolitologoyelpolitico.com.ar\/wordpress\/wp-json\/wp\/v2\/tags?post=11008"}],"curies":[{"name":"wp","href":"https:\/\/api.w.org\/{rel}","templated":true}]}}