{"id":10939,"date":"2021-11-03T16:26:05","date_gmt":"2021-11-03T16:26:05","guid":{"rendered":"https:\/\/www.elpolitologoyelpolitico.com.ar\/wordpress\/?p=10939"},"modified":"2021-11-03T16:26:40","modified_gmt":"2021-11-03T16:26:40","slug":"el-intendente-zara-visito-la-obra-de-puesta-en-valor-de-la-estacion-del-ferrocarril","status":"publish","type":"post","link":"https:\/\/www.elpolitologoyelpolitico.com.ar\/wordpress\/2021\/11\/03\/el-intendente-zara-visito-la-obra-de-puesta-en-valor-de-la-estacion-del-ferrocarril\/","title":{"rendered":"EL INTENDENTE ZARA VISIT\u00d3 LA OBRA DE PUESTA EN VALOR DE LA ESTACI\u00d3N DEL FERROCARRIL"},"content":{"rendered":"\t\t<div data-elementor-type=\"wp-post\" data-elementor-id=\"10939\" class=\"elementor elementor-10939\">\n\t\t\t\t\t\t<section class=\"elementor-section elementor-top-section elementor-element elementor-element-51381227 elementor-section-boxed elementor-section-height-default elementor-section-height-default\" data-id=\"51381227\" data-element_type=\"section\" data-e-type=\"section\">\n\t\t\t\t\t\t<div class=\"elementor-container elementor-column-gap-default\">\n\t\t\t\t\t<div class=\"elementor-column elementor-col-100 elementor-top-column elementor-element elementor-element-b3b47a0\" data-id=\"b3b47a0\" data-element_type=\"column\" data-e-type=\"column\">\n\t\t\t<div class=\"elementor-widget-wrap elementor-element-populated\">\n\t\t\t\t\t\t<div class=\"elementor-element elementor-element-24826e4e elementor-widget elementor-widget-text-editor\" data-id=\"24826e4e\" data-element_type=\"widget\" data-e-type=\"widget\" data-widget_type=\"text-editor.default\">\n\t\t\t\t<div class=\"elementor-widget-container\">\n\t\t\t\t\t\t\t\t\t\n<p>El Intendente Municipal, Ing. Jos\u00e9 Luis Zara, visit\u00f3 y destac\u00f3 los avances de la obra de puesta en valor de la Estaci\u00f3n del Ferrocarril de Carmen de Patagones, donde actualmente funciona el Centro de Formaci\u00f3n Profesional N\u00b0401.<\/p>\n\n\n\n<p>Estuvo acompa\u00f1ado por el Secretario y subsecretario de Obras P\u00fablicas, Jorge Isaac y Roberto Haure, respectivamente, la Directora de la instituci\u00f3n, Gladys Mabel Firma Paz, y los representantes de la empresa que ejecuta la obra, Ing. Rodrigo Gorostegui y Arq. Alberto Rocha.&nbsp;<\/p>\n\n\n\n<figure class=\"wp-block-gallery columns-2 is-cropped wp-block-gallery-2 is-layout-flex wp-block-gallery-is-layout-flex\"><ul class=\"blocks-gallery-grid\"><li class=\"blocks-gallery-item\"><figure><img fetchpriority=\"high\" decoding=\"async\" width=\"461\" height=\"1024\" src=\"https:\/\/www.elpolitologoyelpolitico.com.ar\/wp-content\/uploads\/2021\/11\/WhatsApp-Image-2021-11-03-at-10.52.10-AM-461x1024.jpeg\" alt=\"\" data-id=\"10942\" data-full-url=\"https:\/\/www.elpolitologoyelpolitico.com.ar\/wp-content\/uploads\/2021\/11\/WhatsApp-Image-2021-11-03-at-10.52.10-AM.jpeg\" data-link=\"https:\/\/www.elpolitologoyelpolitico.com.ar\/wordpress\/?attachment_id=10942\" class=\"wp-image-10942\" srcset=\"https:\/\/www.elpolitologoyelpolitico.com.ar\/wp-content\/uploads\/2021\/11\/WhatsApp-Image-2021-11-03-at-10.52.10-AM-461x1024.jpeg 461w, https:\/\/www.elpolitologoyelpolitico.com.ar\/wp-content\/uploads\/2021\/11\/WhatsApp-Image-2021-11-03-at-10.52.10-AM-135x300.jpeg 135w, https:\/\/www.elpolitologoyelpolitico.com.ar\/wp-content\/uploads\/2021\/11\/WhatsApp-Image-2021-11-03-at-10.52.10-AM.jpeg 576w\" sizes=\"(max-width: 461px) 100vw, 461px\" \/><\/figure><\/li><li class=\"blocks-gallery-item\"><figure><img decoding=\"async\" width=\"473\" height=\"1024\" src=\"https:\/\/www.elpolitologoyelpolitico.com.ar\/wp-content\/uploads\/2021\/11\/WhatsApp-Image-2021-11-03-at-10.52.09-AM-1-473x1024.jpeg\" alt=\"\" data-id=\"10943\" data-full-url=\"https:\/\/www.elpolitologoyelpolitico.com.ar\/wp-content\/uploads\/2021\/11\/WhatsApp-Image-2021-11-03-at-10.52.09-AM-1.jpeg\" data-link=\"https:\/\/www.elpolitologoyelpolitico.com.ar\/wordpress\/?attachment_id=10943\" class=\"wp-image-10943\" srcset=\"https:\/\/www.elpolitologoyelpolitico.com.ar\/wp-content\/uploads\/2021\/11\/WhatsApp-Image-2021-11-03-at-10.52.09-AM-1-473x1024.jpeg 473w, https:\/\/www.elpolitologoyelpolitico.com.ar\/wp-content\/uploads\/2021\/11\/WhatsApp-Image-2021-11-03-at-10.52.09-AM-1-138x300.jpeg 138w, https:\/\/www.elpolitologoyelpolitico.com.ar\/wp-content\/uploads\/2021\/11\/WhatsApp-Image-2021-11-03-at-10.52.09-AM-1.jpeg 480w\" sizes=\"(max-width: 473px) 100vw, 473px\" \/><\/figure><\/li><\/ul><\/figure>\n\n\n\n<p>Cabe destacar que en el emblem\u00e1tico e hist\u00f3rico lugar se est\u00e1 realizando la obra de gas, de cloacas, sanitarios y refaccionando la fachada.<\/p>\n\n\n\n<p>Los trabajos responden al pedido de las autoridades del Centro de Formaci\u00f3n Profesional, para el bienestar de los alumnos, al tiempo que se preserva el patrimonio hist\u00f3rico local.<\/p>\n\n\n\n<figure class=\"wp-block-image size-full\"><img decoding=\"async\" width=\"720\" height=\"333\" src=\"https:\/\/www.elpolitologoyelpolitico.com.ar\/wp-content\/uploads\/2021\/11\/WhatsApp-Image-2021-11-03-at-10.52.09-AM.jpeg\" alt=\"\" class=\"wp-image-10941\" srcset=\"https:\/\/www.elpolitologoyelpolitico.com.ar\/wp-content\/uploads\/2021\/11\/WhatsApp-Image-2021-11-03-at-10.52.09-AM.jpeg 720w, https:\/\/www.elpolitologoyelpolitico.com.ar\/wp-content\/uploads\/2021\/11\/WhatsApp-Image-2021-11-03-at-10.52.09-AM-300x139.jpeg 300w\" sizes=\"(max-width: 720px) 100vw, 720px\" \/><\/figure>\n\t\t\t\t\t\t\t\t<\/div>\n\t\t\t\t<\/div>\n\t\t\t\t\t<\/div>\n\t\t<\/div>\n\t\t\t\t\t<\/div>\n\t\t<\/section>\n\t\t\t\t<\/div>\n\t\t<div class=\"fb-background-color\">\n\t\t\t  <div \n\t\t\t  \tclass = \"fb-comments\" \n\t\t\t  \tdata-href = \"https:\/\/www.elpolitologoyelpolitico.com.ar\/wordpress\/2021\/11\/03\/el-intendente-zara-visito-la-obra-de-puesta-en-valor-de-la-estacion-del-ferrocarril\/\"\n\t\t\t  \tdata-numposts = \"10\"\n\t\t\t  \tdata-lazy = \"true\"\n\t\t\t\tdata-colorscheme = \"light\"\n\t\t\t\tdata-order-by = \"social\"\n\t\t\t\tdata-mobile=true>\n\t\t\t  <\/div><\/div>\n\t\t  <style>\n\t\t    .fb-background-color {\n\t\t\t\tbackground: #ffffff !important;\n\t\t\t}\n\t\t\t.fb_iframe_widget_fluid_desktop iframe {\n\t\t\t    width: 100% !important;\n\t\t\t}\n\t\t  <\/style>\n\t\t  ","protected":false},"excerpt":{"rendered":"<p>El Intendente Municipal, Ing. Jos\u00e9 Luis Zara, visit\u00f3 y destac\u00f3 los avances de la obra de puesta en valor de la Estaci\u00f3n del Ferrocarril de Carmen de Patagones, donde actualmente funciona el Centro de Formaci\u00f3n Profesional N\u00b0401. Estuvo acompa\u00f1ado por el Secretario y subsecretario de Obras P\u00fablicas, Jorge Isaac y Roberto Haure, respectivamente, la Directora [&hellip;]<\/p>\n","protected":false},"author":4,"featured_media":10940,"comment_status":"closed","ping_status":"closed","sticky":false,"template":"","format":"standard","meta":{"_joinchat":[],"footnotes":""},"categories":[4],"tags":[],"class_list":["post-10939","post","type-post","status-publish","format-standard","has-post-thumbnail","hentry","category-politicas-publicas"],"_links":{"self":[{"href":"https:\/\/www.elpolitologoyelpolitico.com.ar\/wordpress\/wp-json\/wp\/v2\/posts\/10939","targetHints":{"allow":["GET"]}}],"collection":[{"href":"https:\/\/www.elpolitologoyelpolitico.com.ar\/wordpress\/wp-json\/wp\/v2\/posts"}],"about":[{"href":"https:\/\/www.elpolitologoyelpolitico.com.ar\/wordpress\/wp-json\/wp\/v2\/types\/post"}],"author":[{"embeddable":true,"href":"https:\/\/www.elpolitologoyelpolitico.com.ar\/wordpress\/wp-json\/wp\/v2\/users\/4"}],"replies":[{"embeddable":true,"href":"https:\/\/www.elpolitologoyelpolitico.com.ar\/wordpress\/wp-json\/wp\/v2\/comments?post=10939"}],"version-history":[{"count":0,"href":"https:\/\/www.elpolitologoyelpolitico.com.ar\/wordpress\/wp-json\/wp\/v2\/posts\/10939\/revisions"}],"wp:featuredmedia":[{"embeddable":true,"href":"https:\/\/www.elpolitologoyelpolitico.com.ar\/wordpress\/wp-json\/wp\/v2\/media\/10940"}],"wp:attachment":[{"href":"https:\/\/www.elpolitologoyelpolitico.com.ar\/wordpress\/wp-json\/wp\/v2\/media?parent=10939"}],"wp:term":[{"taxonomy":"category","embeddable":true,"href":"https:\/\/www.elpolitologoyelpolitico.com.ar\/wordpress\/wp-json\/wp\/v2\/categories?post=10939"},{"taxonomy":"post_tag","embeddable":true,"href":"https:\/\/www.elpolitologoyelpolitico.com.ar\/wordpress\/wp-json\/wp\/v2\/tags?post=10939"}],"curies":[{"name":"wp","href":"https:\/\/api.w.org\/{rel}","templated":true}]}}