{"id":10933,"date":"2021-11-03T15:38:37","date_gmt":"2021-11-03T15:38:37","guid":{"rendered":"https:\/\/www.elpolitologoyelpolitico.com.ar\/wordpress\/?p=10933"},"modified":"2021-11-03T15:39:08","modified_gmt":"2021-11-03T15:39:08","slug":"covid-19-comenzo-la-vacunacion-de-tercera-dosis-en-bariloche","status":"publish","type":"post","link":"https:\/\/www.elpolitologoyelpolitico.com.ar\/wordpress\/2021\/11\/03\/covid-19-comenzo-la-vacunacion-de-tercera-dosis-en-bariloche\/","title":{"rendered":"COVID-19: COMENZ\u00d3 LA VACUNACI\u00d3N DE TERCERA DOSIS EN BARILOCHE"},"content":{"rendered":"\t\t<div data-elementor-type=\"wp-post\" data-elementor-id=\"10933\" class=\"elementor elementor-10933\">\n\t\t\t\t\t\t<section class=\"elementor-section elementor-top-section elementor-element elementor-element-244a3e8a elementor-section-boxed elementor-section-height-default elementor-section-height-default\" data-id=\"244a3e8a\" data-element_type=\"section\" data-e-type=\"section\">\n\t\t\t\t\t\t<div class=\"elementor-container elementor-column-gap-default\">\n\t\t\t\t\t<div class=\"elementor-column elementor-col-100 elementor-top-column elementor-element elementor-element-7009b527\" data-id=\"7009b527\" data-element_type=\"column\" data-e-type=\"column\">\n\t\t\t<div class=\"elementor-widget-wrap elementor-element-populated\">\n\t\t\t\t\t\t<div class=\"elementor-element elementor-element-2646b7d2 elementor-widget elementor-widget-text-editor\" data-id=\"2646b7d2\" data-element_type=\"widget\" data-e-type=\"widget\" data-widget_type=\"text-editor.default\">\n\t\t\t\t<div class=\"elementor-widget-container\">\n\t\t\t\t\t\t\t\t\t\n<p>El Ministerio de Salud de R\u00edo Negro inici\u00f3 la vacunaci\u00f3n COVID de tercera dosis en el Vacunatorio de Bariloche, para mayores de 50 a\u00f1os con dos dosis de Sinopharm y grupos de pacientes inmunosuprimidos.<\/p>\n\n\n\n<p>El jefe del DAPA del hospital Zonal, y a cargo de la vacunaci\u00f3n COVID, V\u00edctor Parodi, explic\u00f3 que esta etapa de vacunaci\u00f3n se extender\u00e1 en la localidad esta semana, dirigida espec\u00edficamente a estos dos grupos:<\/p>\n\n\n\n<p>-Mayores de 50 a\u00f1os que hayan recibido dos dosis de Sinopharm, reciben tercera dosis de AstraZeneca.<\/p>\n\n\n\n<p>-Pacientes inmunosuprimidos: con tratamientos de c\u00e1ncer; tratamientos hematol\u00f3gicos; trasplantados o en etapa pretrasplante; portadores de VIH; personas con inmunosupresiones primarias (de nacimiento, con distintas etapas de detecci\u00f3n).<\/p>\n\n\n\n<p>Todos deben presentar certificado m\u00e9dico actualizado. En este caso los pacientes entre 18 y 39 a\u00f1os reciben tercera dosis de Sputnik o AstraZeneca. Y mayores de 40 s\u00f3lo AstraZeneca.<\/p>\n\n\n\n<p>Para ambos grupos la vacunaci\u00f3n es libre y espont\u00e1nea, no deben esperar citaci\u00f3n, y s\u00ed tienen que llevar carnet de vacunaci\u00f3n COVID y para inmunosuprimidos se exige certificado m\u00e9dico actualizado.<\/p>\n\n\n\n<p>Por otra parte, siguen vacunando s\u00f3lo con citaci\u00f3n a chicos de 12 a\u00f1os (reciben Pfizer), y contin\u00faan otros cronogramas espont\u00e1neos de segunda dosis de AstraZeneca; primera y segunda dosis de Sputnik y Sinopharm.<\/p>\n\n\n\n<p><strong>En el Hospital<\/strong><\/p>\n\n\n\n<p>Parodi destac\u00f3 que debido al inicio de la etapa de tercera dosis en el Vacunatorio, la vacunaci\u00f3n de 3 A 11 a\u00f1os de edad continuar\u00e1 esta semana en el Hospital Zonal de lunes a s\u00e1bado entre las 8 y 15.30.<\/p>\n\n\n\n<p>\u201cIndependientemente que los llamen o no, mientras est\u00e9n inscriptos pueden concurrir directamente al Hospital, en consulta espont\u00e1nea, y recibir\u00e1n la dosis por orden de llegada. Tambi\u00e9n pueden acercarse a los centros de salud\u201d, inform\u00f3.<\/p>\n\n\n\n<p>Adem\u00e1s el Hospital tiene en marcha exitosas campa\u00f1as en las escuelas y en los barrios los d\u00edas s\u00e1bados, que se anuncian oportunamente.<\/p>\n\t\t\t\t\t\t\t\t<\/div>\n\t\t\t\t<\/div>\n\t\t\t\t\t<\/div>\n\t\t<\/div>\n\t\t\t\t\t<\/div>\n\t\t<\/section>\n\t\t\t\t<\/div>\n\t\t<div class=\"fb-background-color\">\n\t\t\t  <div \n\t\t\t  \tclass = \"fb-comments\" \n\t\t\t  \tdata-href = \"https:\/\/www.elpolitologoyelpolitico.com.ar\/wordpress\/2021\/11\/03\/covid-19-comenzo-la-vacunacion-de-tercera-dosis-en-bariloche\/\"\n\t\t\t  \tdata-numposts = \"10\"\n\t\t\t  \tdata-lazy = \"true\"\n\t\t\t\tdata-colorscheme = \"light\"\n\t\t\t\tdata-order-by = \"social\"\n\t\t\t\tdata-mobile=true>\n\t\t\t  <\/div><\/div>\n\t\t  <style>\n\t\t    .fb-background-color {\n\t\t\t\tbackground: #ffffff !important;\n\t\t\t}\n\t\t\t.fb_iframe_widget_fluid_desktop iframe {\n\t\t\t    width: 100% !important;\n\t\t\t}\n\t\t  <\/style>\n\t\t  ","protected":false},"excerpt":{"rendered":"<p>El Ministerio de Salud de R\u00edo Negro inici\u00f3 la vacunaci\u00f3n COVID de tercera dosis en el Vacunatorio de Bariloche, para mayores de 50 a\u00f1os con dos dosis de Sinopharm y grupos de pacientes inmunosuprimidos. El jefe del DAPA del hospital Zonal, y a cargo de la vacunaci\u00f3n COVID, V\u00edctor Parodi, explic\u00f3 que esta etapa de [&hellip;]<\/p>\n","protected":false},"author":4,"featured_media":10934,"comment_status":"closed","ping_status":"closed","sticky":false,"template":"","format":"standard","meta":{"_joinchat":[],"footnotes":""},"categories":[4],"tags":[],"class_list":["post-10933","post","type-post","status-publish","format-standard","has-post-thumbnail","hentry","category-politicas-publicas"],"_links":{"self":[{"href":"https:\/\/www.elpolitologoyelpolitico.com.ar\/wordpress\/wp-json\/wp\/v2\/posts\/10933","targetHints":{"allow":["GET"]}}],"collection":[{"href":"https:\/\/www.elpolitologoyelpolitico.com.ar\/wordpress\/wp-json\/wp\/v2\/posts"}],"about":[{"href":"https:\/\/www.elpolitologoyelpolitico.com.ar\/wordpress\/wp-json\/wp\/v2\/types\/post"}],"author":[{"embeddable":true,"href":"https:\/\/www.elpolitologoyelpolitico.com.ar\/wordpress\/wp-json\/wp\/v2\/users\/4"}],"replies":[{"embeddable":true,"href":"https:\/\/www.elpolitologoyelpolitico.com.ar\/wordpress\/wp-json\/wp\/v2\/comments?post=10933"}],"version-history":[{"count":0,"href":"https:\/\/www.elpolitologoyelpolitico.com.ar\/wordpress\/wp-json\/wp\/v2\/posts\/10933\/revisions"}],"wp:featuredmedia":[{"embeddable":true,"href":"https:\/\/www.elpolitologoyelpolitico.com.ar\/wordpress\/wp-json\/wp\/v2\/media\/10934"}],"wp:attachment":[{"href":"https:\/\/www.elpolitologoyelpolitico.com.ar\/wordpress\/wp-json\/wp\/v2\/media?parent=10933"}],"wp:term":[{"taxonomy":"category","embeddable":true,"href":"https:\/\/www.elpolitologoyelpolitico.com.ar\/wordpress\/wp-json\/wp\/v2\/categories?post=10933"},{"taxonomy":"post_tag","embeddable":true,"href":"https:\/\/www.elpolitologoyelpolitico.com.ar\/wordpress\/wp-json\/wp\/v2\/tags?post=10933"}],"curies":[{"name":"wp","href":"https:\/\/api.w.org\/{rel}","templated":true}]}}