{"id":10926,"date":"2021-11-03T15:02:23","date_gmt":"2021-11-03T15:02:23","guid":{"rendered":"https:\/\/www.elpolitologoyelpolitico.com.ar\/wordpress\/?p=10926"},"modified":"2021-11-03T15:02:51","modified_gmt":"2021-11-03T15:02:51","slug":"alegria-esperanza-y-mucha-satisfaccion-en-el-cierre-del-emprender-en-cipolletti","status":"publish","type":"post","link":"https:\/\/www.elpolitologoyelpolitico.com.ar\/wordpress\/2021\/11\/03\/alegria-esperanza-y-mucha-satisfaccion-en-el-cierre-del-emprender-en-cipolletti\/","title":{"rendered":"ALEGR\u00cdA, ESPERANZA Y MUCHA SATISFACCI\u00d3N EN EL CIERRE DEL EMPRENDER EN CIPOLLETTI"},"content":{"rendered":"\t\t<div data-elementor-type=\"wp-post\" data-elementor-id=\"10926\" class=\"elementor elementor-10926\">\n\t\t\t\t\t\t<section class=\"elementor-section elementor-top-section elementor-element elementor-element-2da8642e elementor-section-boxed elementor-section-height-default elementor-section-height-default\" data-id=\"2da8642e\" data-element_type=\"section\" data-e-type=\"section\">\n\t\t\t\t\t\t<div class=\"elementor-container elementor-column-gap-default\">\n\t\t\t\t\t<div class=\"elementor-column elementor-col-100 elementor-top-column elementor-element elementor-element-68a95292\" data-id=\"68a95292\" data-element_type=\"column\" data-e-type=\"column\">\n\t\t\t<div class=\"elementor-widget-wrap elementor-element-populated\">\n\t\t\t\t\t\t<div class=\"elementor-element elementor-element-6cb065f7 elementor-widget elementor-widget-text-editor\" data-id=\"6cb065f7\" data-element_type=\"widget\" data-e-type=\"widget\" data-widget_type=\"text-editor.default\">\n\t\t\t\t<div class=\"elementor-widget-container\">\n\t\t\t\t\t\t\t\t\t\n<p>Debido a las restricciones de la pandemia, los cupos y periodos de los talleres fueron reducidos. Sin embargo, esto no fue un obst\u00e1culo para los y las alumnas del Emprender que lograron, en muchos casos, incorporar una nueva salida laboral para contribuir a la econom\u00eda familiar.<\/p>\n\n\n\n<p>Este martes se realiz\u00f3 en Cipolletti el cierre de los talleres del programa Emprender, con una exposici\u00f3n de las producciones de los y las alumnas, en sus procesos de aprendizaje.<\/p>\n\n\n\n<p>Gracias al trabajo en conjunto entre el Gobierno, las instituciones y organizaciones locales, el abanico de oportunidades de capacitaci\u00f3n fue muy amplio y permiti\u00f3 a la mayor\u00eda de los y las participantes, insertarse laboralmente o iniciar su propio emprendimiento para contribuir a la econom\u00eda familiar.<\/p>\n\n\n\n<p>Esa fue la experiencia de varias alumnas que asistieron al taller de tapicer\u00eda, dictado por Hilda, con dos encuentros semanales e intensivos: \u201cEra algo que ten\u00eda pendiente. Espero seguir aprendiendo el pr\u00f3ximo a\u00f1o, ya que es un taller donde se aprende para desarrollar un microemprendimiento, como salida laboral\u201d, coment\u00f3 Paola, una de las asistentes.<\/p>\n\n\n\n<p>Explic\u00f3 que, en medio de la pandemia, no pudo continuar con su trabajo habitual y el taller result\u00f3 ser el puntapi\u00e9 de su nueva actividad econ\u00f3mica: \u201cpude hacer tapizados y sillones materos. Yo me qued\u00e9 sin trabajo por la pandemia y esto me dio la posibilidad de seguir haciendo algo, me ayud\u00f3 a salir adelante porque empec\u00e9 a vender mis producciones\u201d, dijo con gran satisfacci\u00f3n.<\/p>\n\n\n\n<p>Por su parte, Hilda, asegur\u00f3 que \u201cfue excelente dentro del poco tiempo que tuvimos, porque fueron tres meses, pero las alumnas pusieron toda su voluntad, no faltaron a las clases y lograron hacer cosas maravillosas: molder\u00eda exacta, confecci\u00f3n, dise\u00f1os y recortes\u201d.<\/p>\n\n\n\n<p>Consciente de la valiosa herramienta que comparti\u00f3 con su grupo, la tallerista afirm\u00f3 que \u201cse unieron al taller para incorporar los conocimientos como una salida laboral o ampliar sus conocimientos y lograron confeccionar sus propias prendas, para ellas y sus familias\u201d.<\/p>\n\n\n\n<p>Luego de recorrer los stands y dialogar con alumnos, alumnas y talleristas, la Secretar\u00eda de Coordinaci\u00f3n del Ministerio de Desarrollo Humano y Articulaci\u00f3n Solidaria, Luciana De la Fuente, destac\u00f3 que \u201cel programa Emprender fomenta la inserci\u00f3n laboral de las familias y mejora mucho su calidad de vida\u201d.<\/p>\n\n\n\n<p>Asimismo, sostuvo que \u201cel recorrido por los puestos demuestra que tanto los y las alumnas, como los capacitadores pusieron todo su empe\u00f1o, pasi\u00f3n, sacrificio y esfuerzo en este momento de post- pandemia que estamos atravesando. Creo que es importante seguir motivando a las familias, porque esto implica mejoras en la econom\u00eda y en la profesionalizaci\u00f3n de cada alumno\u201d.<\/p>\n\n\n\n<figure class=\"wp-block-image size-large\"><img fetchpriority=\"high\" decoding=\"async\" width=\"1024\" height=\"682\" src=\"https:\/\/www.elpolitologoyelpolitico.com.ar\/wp-content\/uploads\/2021\/11\/WhatsApp-Image-2021-11-03-at-10.36.31-AM-1024x682.jpeg\" alt=\"\" class=\"wp-image-10928\" srcset=\"https:\/\/www.elpolitologoyelpolitico.com.ar\/wp-content\/uploads\/2021\/11\/WhatsApp-Image-2021-11-03-at-10.36.31-AM-1024x682.jpeg 1024w, https:\/\/www.elpolitologoyelpolitico.com.ar\/wp-content\/uploads\/2021\/11\/WhatsApp-Image-2021-11-03-at-10.36.31-AM-300x200.jpeg 300w, https:\/\/www.elpolitologoyelpolitico.com.ar\/wp-content\/uploads\/2021\/11\/WhatsApp-Image-2021-11-03-at-10.36.31-AM-768x512.jpeg 768w, https:\/\/www.elpolitologoyelpolitico.com.ar\/wp-content\/uploads\/2021\/11\/WhatsApp-Image-2021-11-03-at-10.36.31-AM.jpeg 1280w\" sizes=\"(max-width: 1024px) 100vw, 1024px\" \/><\/figure>\n\t\t\t\t\t\t\t\t<\/div>\n\t\t\t\t<\/div>\n\t\t\t\t\t<\/div>\n\t\t<\/div>\n\t\t\t\t\t<\/div>\n\t\t<\/section>\n\t\t\t\t<\/div>\n\t\t<div class=\"fb-background-color\">\n\t\t\t  <div \n\t\t\t  \tclass = \"fb-comments\" \n\t\t\t  \tdata-href = \"https:\/\/www.elpolitologoyelpolitico.com.ar\/wordpress\/2021\/11\/03\/alegria-esperanza-y-mucha-satisfaccion-en-el-cierre-del-emprender-en-cipolletti\/\"\n\t\t\t  \tdata-numposts = \"10\"\n\t\t\t  \tdata-lazy = \"true\"\n\t\t\t\tdata-colorscheme = \"light\"\n\t\t\t\tdata-order-by = \"social\"\n\t\t\t\tdata-mobile=true>\n\t\t\t  <\/div><\/div>\n\t\t  <style>\n\t\t    .fb-background-color {\n\t\t\t\tbackground: #ffffff !important;\n\t\t\t}\n\t\t\t.fb_iframe_widget_fluid_desktop iframe {\n\t\t\t    width: 100% !important;\n\t\t\t}\n\t\t  <\/style>\n\t\t  ","protected":false},"excerpt":{"rendered":"<p>Debido a las restricciones de la pandemia, los cupos y periodos de los talleres fueron reducidos. Sin embargo, esto no fue un obst\u00e1culo para los y las alumnas del Emprender que lograron, en muchos casos, incorporar una nueva salida laboral para contribuir a la econom\u00eda familiar. Este martes se realiz\u00f3 en Cipolletti el cierre de [&hellip;]<\/p>\n","protected":false},"author":4,"featured_media":10927,"comment_status":"closed","ping_status":"closed","sticky":false,"template":"","format":"standard","meta":{"_joinchat":[],"footnotes":""},"categories":[4],"tags":[],"class_list":["post-10926","post","type-post","status-publish","format-standard","has-post-thumbnail","hentry","category-politicas-publicas"],"_links":{"self":[{"href":"https:\/\/www.elpolitologoyelpolitico.com.ar\/wordpress\/wp-json\/wp\/v2\/posts\/10926","targetHints":{"allow":["GET"]}}],"collection":[{"href":"https:\/\/www.elpolitologoyelpolitico.com.ar\/wordpress\/wp-json\/wp\/v2\/posts"}],"about":[{"href":"https:\/\/www.elpolitologoyelpolitico.com.ar\/wordpress\/wp-json\/wp\/v2\/types\/post"}],"author":[{"embeddable":true,"href":"https:\/\/www.elpolitologoyelpolitico.com.ar\/wordpress\/wp-json\/wp\/v2\/users\/4"}],"replies":[{"embeddable":true,"href":"https:\/\/www.elpolitologoyelpolitico.com.ar\/wordpress\/wp-json\/wp\/v2\/comments?post=10926"}],"version-history":[{"count":0,"href":"https:\/\/www.elpolitologoyelpolitico.com.ar\/wordpress\/wp-json\/wp\/v2\/posts\/10926\/revisions"}],"wp:featuredmedia":[{"embeddable":true,"href":"https:\/\/www.elpolitologoyelpolitico.com.ar\/wordpress\/wp-json\/wp\/v2\/media\/10927"}],"wp:attachment":[{"href":"https:\/\/www.elpolitologoyelpolitico.com.ar\/wordpress\/wp-json\/wp\/v2\/media?parent=10926"}],"wp:term":[{"taxonomy":"category","embeddable":true,"href":"https:\/\/www.elpolitologoyelpolitico.com.ar\/wordpress\/wp-json\/wp\/v2\/categories?post=10926"},{"taxonomy":"post_tag","embeddable":true,"href":"https:\/\/www.elpolitologoyelpolitico.com.ar\/wordpress\/wp-json\/wp\/v2\/tags?post=10926"}],"curies":[{"name":"wp","href":"https:\/\/api.w.org\/{rel}","templated":true}]}}