{"id":10909,"date":"2021-11-03T13:55:11","date_gmt":"2021-11-03T13:55:11","guid":{"rendered":"https:\/\/www.elpolitologoyelpolitico.com.ar\/wordpress\/?p=10909"},"modified":"2021-11-03T13:55:44","modified_gmt":"2021-11-03T13:55:44","slug":"gran-acto-de-la-juventud-de-juntos-somos-rio-negro-de-viedma-junto-a-weretilneck","status":"publish","type":"post","link":"https:\/\/www.elpolitologoyelpolitico.com.ar\/wordpress\/2021\/11\/03\/gran-acto-de-la-juventud-de-juntos-somos-rio-negro-de-viedma-junto-a-weretilneck\/","title":{"rendered":"GRAN ACTO DE LA JUVENTUD DE JUNTOS SOMOS R\u00cdO NEGRO DE VIEDMA JUNTO A WERETILNECK."},"content":{"rendered":"\t\t<div data-elementor-type=\"wp-post\" data-elementor-id=\"10909\" class=\"elementor elementor-10909\">\n\t\t\t\t\t\t<section class=\"elementor-section elementor-top-section elementor-element elementor-element-6c2bae4f elementor-section-boxed elementor-section-height-default elementor-section-height-default\" data-id=\"6c2bae4f\" data-element_type=\"section\" data-e-type=\"section\">\n\t\t\t\t\t\t<div class=\"elementor-container elementor-column-gap-default\">\n\t\t\t\t\t<div class=\"elementor-column elementor-col-100 elementor-top-column elementor-element elementor-element-3e55268\" data-id=\"3e55268\" data-element_type=\"column\" data-e-type=\"column\">\n\t\t\t<div class=\"elementor-widget-wrap elementor-element-populated\">\n\t\t\t\t\t\t<div class=\"elementor-element elementor-element-30301485 elementor-widget elementor-widget-text-editor\" data-id=\"30301485\" data-element_type=\"widget\" data-e-type=\"widget\" data-widget_type=\"text-editor.default\">\n\t\t\t\t<div class=\"elementor-widget-container\">\n\t\t\t\t\t\t\t\t\t\n<p>El Club Social y Deportivo F\u00e1tima fue sede el gran acto realizado por la Juventud de Juntos Somos R\u00edo Negro de Viedma.<\/p>\n\n\n\n<p>Hubo alrededor de 400 j\u00f3venes que asistieron a dicho acto.<\/p>\n\n\n\n<p>El senador nacional y presidente del partido Alberto Weretilneck, se encargo de cerrar la jornada.<\/p>\n\n\n\n<p>\u201cNosotros somos un proyecto pol\u00edtico, es m\u00e1s si profundizamos un poco digo somos un proyecto de vida , por que la realidad es que le cambiamos la vida a much\u00edsimos rionegrinos \u201d, dijo el dirigente joven Agustin Ortiz.<\/p>\n\n\n\n<figure class=\"wp-block-image size-large\"><img fetchpriority=\"high\" decoding=\"async\" width=\"1024\" height=\"668\" src=\"https:\/\/www.elpolitologoyelpolitico.com.ar\/wp-content\/uploads\/2021\/11\/WhatsApp-Image-2021-11-03-at-9.36.26-AM-1024x668.jpeg\" alt=\"\" class=\"wp-image-10911\" srcset=\"https:\/\/www.elpolitologoyelpolitico.com.ar\/wp-content\/uploads\/2021\/11\/WhatsApp-Image-2021-11-03-at-9.36.26-AM-1024x668.jpeg 1024w, https:\/\/www.elpolitologoyelpolitico.com.ar\/wp-content\/uploads\/2021\/11\/WhatsApp-Image-2021-11-03-at-9.36.26-AM-300x196.jpeg 300w, https:\/\/www.elpolitologoyelpolitico.com.ar\/wp-content\/uploads\/2021\/11\/WhatsApp-Image-2021-11-03-at-9.36.26-AM-768x501.jpeg 768w, https:\/\/www.elpolitologoyelpolitico.com.ar\/wp-content\/uploads\/2021\/11\/WhatsApp-Image-2021-11-03-at-9.36.26-AM.jpeg 1080w\" sizes=\"(max-width: 1024px) 100vw, 1024px\" \/><\/figure>\n\n\n\n<p>Weretilneck reflexion\u00f3: \u201cEl hecho que ustedes como juventud est\u00e9n en el partido , militen, est\u00e9n organizados&nbsp; nos llena de orgullo&nbsp; y tambi\u00e9n de un enorme compromiso&nbsp; como dirigentes de no fallarles , y brindarles herramientas&nbsp; respecto a la formaci\u00f3n para que puedan ser los pr\u00f3ximos l\u00edderes de nuestro partido\u00bb.<\/p>\n\n\n\n<p>A su vez, resalt\u00f3 las actividades que viene realizando la juventud de JSRN en Viedma \u00abLas actividades que ustedes realizan tienen que ver con la empat\u00eda , estar cerca de la gente , integrar a los distintos barrios y eso es la esencia de Juntos Somos R\u00edo Negro\u00bb<\/p>\n\n\n\n<p>La jornada cont\u00f3 tambien con la participaci\u00f3n del presidente del Bloque de Legisladores de Juntos Somos R\u00edo Negro Facundo L\u00f3pez, intendente de Viedma Pedro Pesatti\u00a0 y el legislador Lucas Pica.<\/p>\n\n\n\n<figure class=\"wp-block-image size-large\"><img decoding=\"async\" width=\"1024\" height=\"601\" src=\"https:\/\/www.elpolitologoyelpolitico.com.ar\/wp-content\/uploads\/2021\/11\/WhatsApp-Image-2021-11-03-at-9.36.27-AM-1024x601.jpeg\" alt=\"\" class=\"wp-image-10912\" srcset=\"https:\/\/www.elpolitologoyelpolitico.com.ar\/wp-content\/uploads\/2021\/11\/WhatsApp-Image-2021-11-03-at-9.36.27-AM-1024x601.jpeg 1024w, https:\/\/www.elpolitologoyelpolitico.com.ar\/wp-content\/uploads\/2021\/11\/WhatsApp-Image-2021-11-03-at-9.36.27-AM-300x176.jpeg 300w, https:\/\/www.elpolitologoyelpolitico.com.ar\/wp-content\/uploads\/2021\/11\/WhatsApp-Image-2021-11-03-at-9.36.27-AM-768x451.jpeg 768w, https:\/\/www.elpolitologoyelpolitico.com.ar\/wp-content\/uploads\/2021\/11\/WhatsApp-Image-2021-11-03-at-9.36.27-AM.jpeg 1080w\" sizes=\"(max-width: 1024px) 100vw, 1024px\" \/><\/figure>\n\t\t\t\t\t\t\t\t<\/div>\n\t\t\t\t<\/div>\n\t\t\t\t\t<\/div>\n\t\t<\/div>\n\t\t\t\t\t<\/div>\n\t\t<\/section>\n\t\t\t\t<\/div>\n\t\t<div class=\"fb-background-color\">\n\t\t\t  <div \n\t\t\t  \tclass = \"fb-comments\" \n\t\t\t  \tdata-href = \"https:\/\/www.elpolitologoyelpolitico.com.ar\/wordpress\/2021\/11\/03\/gran-acto-de-la-juventud-de-juntos-somos-rio-negro-de-viedma-junto-a-weretilneck\/\"\n\t\t\t  \tdata-numposts = \"10\"\n\t\t\t  \tdata-lazy = \"true\"\n\t\t\t\tdata-colorscheme = \"light\"\n\t\t\t\tdata-order-by = \"social\"\n\t\t\t\tdata-mobile=true>\n\t\t\t  <\/div><\/div>\n\t\t  <style>\n\t\t    .fb-background-color {\n\t\t\t\tbackground: #ffffff !important;\n\t\t\t}\n\t\t\t.fb_iframe_widget_fluid_desktop iframe {\n\t\t\t    width: 100% !important;\n\t\t\t}\n\t\t  <\/style>\n\t\t  ","protected":false},"excerpt":{"rendered":"<p>El Club Social y Deportivo F\u00e1tima fue sede el gran acto realizado por la Juventud de Juntos Somos R\u00edo Negro de Viedma. Hubo alrededor de 400 j\u00f3venes que asistieron a dicho acto. El senador nacional y presidente del partido Alberto Weretilneck, se encargo de cerrar la jornada. \u201cNosotros somos un proyecto pol\u00edtico, es m\u00e1s si [&hellip;]<\/p>\n","protected":false},"author":4,"featured_media":10910,"comment_status":"closed","ping_status":"closed","sticky":false,"template":"","format":"standard","meta":{"_joinchat":[],"footnotes":""},"categories":[5,4],"tags":[],"class_list":["post-10909","post","type-post","status-publish","format-standard","has-post-thumbnail","hentry","category-partidos-politicos","category-politicas-publicas"],"_links":{"self":[{"href":"https:\/\/www.elpolitologoyelpolitico.com.ar\/wordpress\/wp-json\/wp\/v2\/posts\/10909","targetHints":{"allow":["GET"]}}],"collection":[{"href":"https:\/\/www.elpolitologoyelpolitico.com.ar\/wordpress\/wp-json\/wp\/v2\/posts"}],"about":[{"href":"https:\/\/www.elpolitologoyelpolitico.com.ar\/wordpress\/wp-json\/wp\/v2\/types\/post"}],"author":[{"embeddable":true,"href":"https:\/\/www.elpolitologoyelpolitico.com.ar\/wordpress\/wp-json\/wp\/v2\/users\/4"}],"replies":[{"embeddable":true,"href":"https:\/\/www.elpolitologoyelpolitico.com.ar\/wordpress\/wp-json\/wp\/v2\/comments?post=10909"}],"version-history":[{"count":0,"href":"https:\/\/www.elpolitologoyelpolitico.com.ar\/wordpress\/wp-json\/wp\/v2\/posts\/10909\/revisions"}],"wp:featuredmedia":[{"embeddable":true,"href":"https:\/\/www.elpolitologoyelpolitico.com.ar\/wordpress\/wp-json\/wp\/v2\/media\/10910"}],"wp:attachment":[{"href":"https:\/\/www.elpolitologoyelpolitico.com.ar\/wordpress\/wp-json\/wp\/v2\/media?parent=10909"}],"wp:term":[{"taxonomy":"category","embeddable":true,"href":"https:\/\/www.elpolitologoyelpolitico.com.ar\/wordpress\/wp-json\/wp\/v2\/categories?post=10909"},{"taxonomy":"post_tag","embeddable":true,"href":"https:\/\/www.elpolitologoyelpolitico.com.ar\/wordpress\/wp-json\/wp\/v2\/tags?post=10909"}],"curies":[{"name":"wp","href":"https:\/\/api.w.org\/{rel}","templated":true}]}}