{"id":10830,"date":"2021-11-01T23:54:28","date_gmt":"2021-11-01T23:54:28","guid":{"rendered":"https:\/\/www.elpolitologoyelpolitico.com.ar\/wordpress\/?p=10830"},"modified":"2021-11-01T23:55:14","modified_gmt":"2021-11-01T23:55:14","slug":"a-nivel-nacional-el-radicalismo-sabe-que-tiene-la-posibilidad-de-llegar-al-gobierno","status":"publish","type":"post","link":"https:\/\/www.elpolitologoyelpolitico.com.ar\/wordpress\/2021\/11\/01\/a-nivel-nacional-el-radicalismo-sabe-que-tiene-la-posibilidad-de-llegar-al-gobierno\/","title":{"rendered":"\u201cA NIVEL NACIONAL EL RADICALISMO SABE QUE TIENE LA POSIBILIDAD DE LLEGAR AL GOBIERNO\u201d"},"content":{"rendered":"\t\t<div data-elementor-type=\"wp-post\" data-elementor-id=\"10830\" class=\"elementor elementor-10830\">\n\t\t\t\t\t\t<section class=\"elementor-section elementor-top-section elementor-element elementor-element-3280fda3 elementor-section-boxed elementor-section-height-default elementor-section-height-default\" data-id=\"3280fda3\" data-element_type=\"section\" data-e-type=\"section\">\n\t\t\t\t\t\t<div class=\"elementor-container elementor-column-gap-default\">\n\t\t\t\t\t<div class=\"elementor-column elementor-col-100 elementor-top-column elementor-element elementor-element-2ab6aaec\" data-id=\"2ab6aaec\" data-element_type=\"column\" data-e-type=\"column\">\n\t\t\t<div class=\"elementor-widget-wrap elementor-element-populated\">\n\t\t\t\t\t\t<div class=\"elementor-element elementor-element-252ca0a6 elementor-widget elementor-widget-text-editor\" data-id=\"252ca0a6\" data-element_type=\"widget\" data-e-type=\"widget\" data-widget_type=\"text-editor.default\">\n\t\t\t\t<div class=\"elementor-widget-container\">\n\t\t\t\t\t\t\t\t\t\n<p><\/p>\n\n\n\n<p>Walter Carrasco,Vicepresidente delPartido Radical(R\u00edo Negro)estuvo presente en el encuentro provincial de afiliados de la UCR en Chinchinales.<\/p>\n\n\n\n<p>\u201cEste radicalismo que estamos llevando adelante ha comprendido y entendido que hay que trabajar en las coincidenciasm\u00e1s que en las diferencias\u201d afirm\u00f3 Carrasco.<\/p>\n\n\n\n<div class=\"wp-block-image\"><figure class=\"aligncenter size-full\"><img fetchpriority=\"high\" decoding=\"async\" width=\"720\" height=\"720\" src=\"https:\/\/www.elpolitologoyelpolitico.com.ar\/wp-content\/uploads\/2021\/11\/WhatsApp-Image-2021-11-01-at-5.02.21-PM.jpeg\" alt=\"\" class=\"wp-image-10832\" srcset=\"https:\/\/www.elpolitologoyelpolitico.com.ar\/wp-content\/uploads\/2021\/11\/WhatsApp-Image-2021-11-01-at-5.02.21-PM.jpeg 720w, https:\/\/www.elpolitologoyelpolitico.com.ar\/wp-content\/uploads\/2021\/11\/WhatsApp-Image-2021-11-01-at-5.02.21-PM-300x300.jpeg 300w, https:\/\/www.elpolitologoyelpolitico.com.ar\/wp-content\/uploads\/2021\/11\/WhatsApp-Image-2021-11-01-at-5.02.21-PM-150x150.jpeg 150w\" sizes=\"(max-width: 720px) 100vw, 720px\" \/><\/figure><\/div>\n\n\n\n<p>Con respecto a la fuerza pol\u00edtica Juntos por el Cambio expres\u00f3 \u201cEs un sector que de alguna manera est\u00e1 tratando de convocar a los sectores pol\u00edticos que sabend\u00f3ndeest\u00e1 el camino para recorrer\u201d.<\/p>\n\n\n\n<p>Agreg\u00f3 \u201cEn el debate coincidimos que tenemos quetrabajar en Juntos por el Cambio y aNivel Nacional el radicalismo sabe que tiene la posibilidad de llegar al gobierno\u201d.<\/p>\n\n\n\n<div class=\"wp-block-image\"><figure class=\"aligncenter size-full\"><img decoding=\"async\" width=\"720\" height=\"720\" src=\"https:\/\/www.elpolitologoyelpolitico.com.ar\/wp-content\/uploads\/2021\/11\/WhatsApp-Image-2021-11-01-at-5.02.29-PM.jpeg\" alt=\"\" class=\"wp-image-10833\" srcset=\"https:\/\/www.elpolitologoyelpolitico.com.ar\/wp-content\/uploads\/2021\/11\/WhatsApp-Image-2021-11-01-at-5.02.29-PM.jpeg 720w, https:\/\/www.elpolitologoyelpolitico.com.ar\/wp-content\/uploads\/2021\/11\/WhatsApp-Image-2021-11-01-at-5.02.29-PM-300x300.jpeg 300w, https:\/\/www.elpolitologoyelpolitico.com.ar\/wp-content\/uploads\/2021\/11\/WhatsApp-Image-2021-11-01-at-5.02.29-PM-150x150.jpeg 150w\" sizes=\"(max-width: 720px) 100vw, 720px\" \/><\/figure><\/div>\n\n\n\n<p>Desde el Partido Radical vienen apoyando a Anibal Tortoriello quien va como candidato de Juntos por el Cambio en las pr\u00f3ximaselecciones legislativas del 14 de noviembre.<\/p>\n\n\n\n<p>\u201cEstamos muy esperanzados por haber sido la segunda fuerza y esto nos da la posibilidad de ser la primera fuerza Provincial\u201d finaliz\u00f3 el Vicepresidente de la Uni\u00f3n C\u00edvica Radical.<\/p>\n\n\n\n<figure class=\"wp-block-image size-full\"><img decoding=\"async\" width=\"720\" height=\"720\" src=\"https:\/\/www.elpolitologoyelpolitico.com.ar\/wp-content\/uploads\/2021\/11\/WhatsApp-Image-2021-11-01-at-5.02.44-PM.jpeg\" alt=\"\" class=\"wp-image-10834\" srcset=\"https:\/\/www.elpolitologoyelpolitico.com.ar\/wp-content\/uploads\/2021\/11\/WhatsApp-Image-2021-11-01-at-5.02.44-PM.jpeg 720w, https:\/\/www.elpolitologoyelpolitico.com.ar\/wp-content\/uploads\/2021\/11\/WhatsApp-Image-2021-11-01-at-5.02.44-PM-300x300.jpeg 300w, https:\/\/www.elpolitologoyelpolitico.com.ar\/wp-content\/uploads\/2021\/11\/WhatsApp-Image-2021-11-01-at-5.02.44-PM-150x150.jpeg 150w\" sizes=\"(max-width: 720px) 100vw, 720px\" \/><\/figure>\n\t\t\t\t\t\t\t\t<\/div>\n\t\t\t\t<\/div>\n\t\t\t\t\t<\/div>\n\t\t<\/div>\n\t\t\t\t\t<\/div>\n\t\t<\/section>\n\t\t\t\t<\/div>\n\t\t<div class=\"fb-background-color\">\n\t\t\t  <div \n\t\t\t  \tclass = \"fb-comments\" \n\t\t\t  \tdata-href = \"https:\/\/www.elpolitologoyelpolitico.com.ar\/wordpress\/2021\/11\/01\/a-nivel-nacional-el-radicalismo-sabe-que-tiene-la-posibilidad-de-llegar-al-gobierno\/\"\n\t\t\t  \tdata-numposts = \"10\"\n\t\t\t  \tdata-lazy = \"true\"\n\t\t\t\tdata-colorscheme = \"light\"\n\t\t\t\tdata-order-by = \"social\"\n\t\t\t\tdata-mobile=true>\n\t\t\t  <\/div><\/div>\n\t\t  <style>\n\t\t    .fb-background-color {\n\t\t\t\tbackground: #ffffff !important;\n\t\t\t}\n\t\t\t.fb_iframe_widget_fluid_desktop iframe {\n\t\t\t    width: 100% !important;\n\t\t\t}\n\t\t  <\/style>\n\t\t  ","protected":false},"excerpt":{"rendered":"<p>Walter Carrasco,Vicepresidente delPartido Radical(R\u00edo Negro)estuvo presente en el encuentro provincial de afiliados de la UCR en Chinchinales. \u201cEste radicalismo que estamos llevando adelante ha comprendido y entendido que hay que trabajar en las coincidenciasm\u00e1s que en las diferencias\u201d afirm\u00f3 Carrasco. Con respecto a la fuerza pol\u00edtica Juntos por el Cambio expres\u00f3 \u201cEs un sector que [&hellip;]<\/p>\n","protected":false},"author":4,"featured_media":10835,"comment_status":"closed","ping_status":"closed","sticky":false,"template":"","format":"standard","meta":{"_joinchat":[],"footnotes":""},"categories":[5],"tags":[],"class_list":["post-10830","post","type-post","status-publish","format-standard","has-post-thumbnail","hentry","category-partidos-politicos"],"_links":{"self":[{"href":"https:\/\/www.elpolitologoyelpolitico.com.ar\/wordpress\/wp-json\/wp\/v2\/posts\/10830","targetHints":{"allow":["GET"]}}],"collection":[{"href":"https:\/\/www.elpolitologoyelpolitico.com.ar\/wordpress\/wp-json\/wp\/v2\/posts"}],"about":[{"href":"https:\/\/www.elpolitologoyelpolitico.com.ar\/wordpress\/wp-json\/wp\/v2\/types\/post"}],"author":[{"embeddable":true,"href":"https:\/\/www.elpolitologoyelpolitico.com.ar\/wordpress\/wp-json\/wp\/v2\/users\/4"}],"replies":[{"embeddable":true,"href":"https:\/\/www.elpolitologoyelpolitico.com.ar\/wordpress\/wp-json\/wp\/v2\/comments?post=10830"}],"version-history":[{"count":0,"href":"https:\/\/www.elpolitologoyelpolitico.com.ar\/wordpress\/wp-json\/wp\/v2\/posts\/10830\/revisions"}],"wp:featuredmedia":[{"embeddable":true,"href":"https:\/\/www.elpolitologoyelpolitico.com.ar\/wordpress\/wp-json\/wp\/v2\/media\/10835"}],"wp:attachment":[{"href":"https:\/\/www.elpolitologoyelpolitico.com.ar\/wordpress\/wp-json\/wp\/v2\/media?parent=10830"}],"wp:term":[{"taxonomy":"category","embeddable":true,"href":"https:\/\/www.elpolitologoyelpolitico.com.ar\/wordpress\/wp-json\/wp\/v2\/categories?post=10830"},{"taxonomy":"post_tag","embeddable":true,"href":"https:\/\/www.elpolitologoyelpolitico.com.ar\/wordpress\/wp-json\/wp\/v2\/tags?post=10830"}],"curies":[{"name":"wp","href":"https:\/\/api.w.org\/{rel}","templated":true}]}}